{"id":8319,"date":"2022-09-28T10:50:09","date_gmt":"2022-09-28T13:50:09","guid":{"rendered":"https:\/\/www.ifbaiano.edu.br\/unidades\/valenca\/?p=8319"},"modified":"2022-10-14T10:47:22","modified_gmt":"2022-10-14T13:47:22","slug":"edital-n-173-2022-selecao-de-discentes-para-o-programa-de-residencia-pedagogica","status":"publish","type":"post","link":"https:\/\/www.ifbaiano.edu.br\/unidades\/valenca\/2022\/09\/28\/edital-n-173-2022-selecao-de-discentes-para-o-programa-de-residencia-pedagogica\/","title":{"rendered":"Edital n\u00b0 173\/2022: Sele\u00e7\u00e3o de Discentes para o Programa de Resid\u00eancia Pedag\u00f3gica"},"content":{"rendered":"\n<p>As inscri\u00e7\u00f5es encerram no dia 03 de outubro<\/p>\n\n\n\n<p>O Instituto Federal de Educa\u00e7\u00e3o, Ci\u00eancia e Tecnologia Baiano (IF Baiano), por meio da pr\u00f3-reitoria de Ensino, divulgou o <strong><a href=\"https:\/\/www.ifbaiano.edu.br\/unidades\/valenca\/files\/2022\/09\/Edital-no-173-Programa-Residencia-Pedagogica-2022-2024.pdf\">Edital n\u00b0 173\/2022<\/a><\/strong> para sele\u00e7\u00e3o de discentes licenciandos que desejem participar do Programa Resid\u00eancia Pedag\u00f3gica (PRP). As inscri\u00e7\u00f5es est\u00e3o abertas e encerram no dia 03 de outubro. Para concorrer \u00e0s vagas, basta enviar a documenta\u00e7\u00e3o exigida no edital para o e-mail&nbsp;<a href=\"mailto:prp@reitoria.ifbaiano.edu.br\">prp@reitoria.ifbaiano.edu.br<\/a>. <\/p>\n\n\n\n<p>Est\u00e3o em oferta 120 bolsas para a modalidade residente, distribu\u00eddas por Campus\/Curso, sendo todas remuneradas. Desse total, o campus Valen\u00e7a oferta 15 vagas para discentes do curso de Licenciatura em Ci\u00eancias Biol\u00f3gicas. <\/p>\n\n\n\n<figure class=\"wp-block-image size-full is-style-default\"><img decoding=\"async\" loading=\"lazy\" width=\"900\" height=\"900\" src=\"https:\/\/www.ifbaiano.edu.br\/unidades\/valenca\/files\/2022\/09\/biologia_discentes.png\" alt=\"\" class=\"wp-image-8323\" \/><\/figure>\n\n\n\n<p>A sele\u00e7\u00e3o acontecer\u00e1 em duas etapas: an\u00e1lise do hist\u00f3rico escolar (Anexo VI) e an\u00e1lise da Carta de Inten\u00e7\u00e3o (Anexo V), conforme o Barema (Anexo VI). A divulga\u00e7\u00e3o da classifica\u00e7\u00e3o final est\u00e1 prevista para sair no dia 17 de outubro de 2022.<\/p>\n\n\n\n<p>Acompanhe a sele\u00e7\u00e3o&nbsp;<strong><a href=\"https:\/\/concurso.ifbaiano.edu.br\/portal\/selecao-discentes-licenciaturas-programa-residencia-pedagogica-setembro-2022\/\">aqui<\/a><\/strong>.<\/p>\n\n\n\n<div id=\"ProreitoriaTopoTitulo\">\n\t\t\t\t\tEditais e Documentos\n\t\t\t\t<\/div>\n\n\n\n<div class=\"wp-block-file\"><a href=\"https:\/\/www.ifbaiano.edu.br\/unidades\/valenca\/files\/2022\/09\/Resultado-dos-Recursos-PRP-Discentes.pdf\">Resultado dos Recursos<\/a><\/div>\n\n\n\n<div class=\"wp-block-file\"><a href=\"https:\/\/www.ifbaiano.edu.br\/unidades\/valenca\/files\/2022\/09\/Lista-de-Homologacao-Residentes-PRP-Valenca.pdf\">Lista de Homologa\u00e7\u00e3o &#8211; Valen\u00e7a &#8211; Biologia<\/a><\/div>\n\n\n\n<div class=\"wp-block-file\"><a href=\"https:\/\/www.ifbaiano.edu.br\/unidades\/valenca\/files\/2022\/09\/Edita-no-188-Prorrogacao-PRP-Discentes.pdf\">Edital de Prorroga\u00e7\u00e3o n\u00ba 188<\/a><\/div>\n\n\n\n<div class=\"wp-block-file\"><a href=\"https:\/\/www.ifbaiano.edu.br\/unidades\/valenca\/files\/2022\/09\/Edital-de-Reficacao-no-184-PRP-Discentes.pdf\">Edital de Retifica\u00e7\u00e3o n\u00ba 184<\/a><\/div>\n\n\n\n<div class=\"wp-block-file\"><a href=\"https:\/\/www.ifbaiano.edu.br\/unidades\/valenca\/files\/2022\/09\/Edital-de-Retificacao-no-179.pdf\">Edital de Retifica\u00e7\u00e3o n\u00ba 179<\/a><\/div>\n\n\n\n<div class=\"wp-block-file\"><a href=\"https:\/\/www.ifbaiano.edu.br\/unidades\/valenca\/files\/2022\/09\/Edital-no-173-Programa-Residencia-Pedagogica-2022-2024.pdf\">Edital n\u00ba 173 &#8211; Programa Resid\u00eancia Pedag\u00f3gica 2022-2024<\/a><\/div>\n","protected":false},"excerpt":{"rendered":"<p>As inscri\u00e7\u00f5es encerram no dia 03 de outubro O Instituto Federal de Educa\u00e7\u00e3o, Ci\u00eancia e Tecnologia Baiano (IF Baiano), por meio da pr\u00f3-reitoria de Ensino, divulgou o Edital n\u00b0 173\/2022 para sele\u00e7\u00e3o de discentes licenciandos que desejem participar do Programa Resid\u00eancia Pedag\u00f3gica (PRP). As inscri\u00e7\u00f5es est\u00e3o abertas e encerram no dia 03 de outubro. Para [&hellip;]<\/p>\n","protected":false},"author":146,"featured_media":8323,"comment_status":"closed","ping_status":"open","sticky":false,"template":"","format":"standard","meta":[],"categories":[5,35,32,63],"tags":[235,231],"_links":{"self":[{"href":"https:\/\/www.ifbaiano.edu.br\/unidades\/valenca\/wp-json\/wp\/v2\/posts\/8319"}],"collection":[{"href":"https:\/\/www.ifbaiano.edu.br\/unidades\/valenca\/wp-json\/wp\/v2\/posts"}],"about":[{"href":"https:\/\/www.ifbaiano.edu.br\/unidades\/valenca\/wp-json\/wp\/v2\/types\/post"}],"author":[{"embeddable":true,"href":"https:\/\/www.ifbaiano.edu.br\/unidades\/valenca\/wp-json\/wp\/v2\/users\/146"}],"replies":[{"embeddable":true,"href":"https:\/\/www.ifbaiano.edu.br\/unidades\/valenca\/wp-json\/wp\/v2\/comments?post=8319"}],"version-history":[{"count":10,"href":"https:\/\/www.ifbaiano.edu.br\/unidades\/valenca\/wp-json\/wp\/v2\/posts\/8319\/revisions"}],"predecessor-version":[{"id":8402,"href":"https:\/\/www.ifbaiano.edu.br\/unidades\/valenca\/wp-json\/wp\/v2\/posts\/8319\/revisions\/8402"}],"wp:featuredmedia":[{"embeddable":true,"href":"https:\/\/www.ifbaiano.edu.br\/unidades\/valenca\/wp-json\/wp\/v2\/media\/8323"}],"wp:attachment":[{"href":"https:\/\/www.ifbaiano.edu.br\/unidades\/valenca\/wp-json\/wp\/v2\/media?parent=8319"}],"wp:term":[{"taxonomy":"category","embeddable":true,"href":"https:\/\/www.ifbaiano.edu.br\/unidades\/valenca\/wp-json\/wp\/v2\/categories?post=8319"},{"taxonomy":"post_tag","embeddable":true,"href":"https:\/\/www.ifbaiano.edu.br\/unidades\/valenca\/wp-json\/wp\/v2\/tags?post=8319"}],"curies":[{"name":"wp","href":"https:\/\/api.w.org\/{rel}","templated":true}]}}