{"id":836,"date":"2011-10-18T08:30:46","date_gmt":"2011-10-18T08:30:46","guid":{"rendered":"http:\/\/www.ifbaiano.edu.br\/unidades\/valenca\/?p=836"},"modified":"2011-10-18T12:37:16","modified_gmt":"2011-10-18T12:37:16","slug":"campus-valenca-lanca-edital-de-apoio-a-qualificacao-de-servidores","status":"publish","type":"post","link":"https:\/\/www.ifbaiano.edu.br\/unidades\/valenca\/2011\/10\/18\/campus-valenca-lanca-edital-de-apoio-a-qualificacao-de-servidores\/","title":{"rendered":"Campus Valen\u00e7a lan\u00e7a Edital de Apoio \u00e0 Qualifica\u00e7\u00e3o de Servidores"},"content":{"rendered":"<p>Lan\u00e7ado o edital de sele\u00e7\u00e3o para concess\u00e3o de aux\u00edlio financeiro para todos os servidores em exerc\u00edcio no <em>Campus<\/em> Valen\u00e7a, que estejam matriculados em cursos de gradua\u00e7\u00e3o ou p\u00f3s-gradua\u00e7\u00e3o da Rede Privada de Ensino. <strong>O per\u00edodo de inscri\u00e7\u00e3o \u00e9 de <\/strong><strong>18 a 21\/10\/2011<\/strong><strong>, no <\/strong><strong>N\u00facleo de Apoio \u00e0 Gest\u00e3o de Pessoas (NAGP) do <\/strong><strong>pr\u00f3prio <em>Campus.<\/em><\/strong><\/p>\n<p>O apoio financeiro ser\u00e1 concedido, via ressarcimento parcial de 30% da mensalidade do curso, com dura\u00e7\u00e3o m\u00e1xima de at\u00e9 24 meses. A bolsa dever\u00e1 ser concedida ao final deste ano, ap\u00f3s a homologa\u00e7\u00e3o do resultado da sele\u00e7\u00e3o.<\/p>\n<p>Para concorrer, o servidor deve estar em exerc\u00edcio efetivo no <em>Campus\u00a0<\/em>Valen\u00e7a e estar regularmente matriculado em curso de gradua\u00e7\u00e3o ou especializa\u00e7\u00e3o, reconhecido pelo MEC, ou de mestrado ou doutorado, recomendado pela CAPES.<\/p>\n<p>Para participar da sele\u00e7\u00e3o, os candidatos dever\u00e3o preencher a <span style=\"text-decoration: underline\">ficha de inscri\u00e7\u00e3o<\/span> e anexar os seguintes documentos:<\/p>\n<p>\u00a0\u00a0\u00a0\u00a0 &#8211; C\u00f3pias de documento de identidade e CPF;<\/p>\n<p>\u00a0\u00a0\u00a0\u00a0 &#8211;\u00a0 C\u00f3pia do diploma de curso superior, no caso de P\u00f3s-Gradua\u00e7\u00e3o ou de n\u00edvel m\u00e9dio, no caso de Gradua\u00e7\u00e3o;<\/p>\n<p>\u00a0\u00a0\u00a0\u00a0 &#8211;\u00a0 Comprovante de aprova\u00e7\u00e3o em sele\u00e7\u00e3o realizada e\/ou curso em que est\u00e1 matriculado, caso j\u00e1 se encontre inscrito;<\/p>\n<p>\u00a0\u00a0\u00a0\u00a0 &#8211; Programa do curso constando t\u00edtulo do curso, grade curricular, carga hor\u00e1ria, valor total do curso e valor da mensalidade;<\/p>\n<p>\u00a0\u00a0\u00a0\u00a0 &#8211; Declara\u00e7\u00e3o da Chefia imediata informando que o (a) servidor (a) n\u00e3o est\u00e1 sofrendo penalidades administrativas ou que n\u00e3o est\u00e1\u00a0 respondendo a processo disciplinar por qualquer motivo;<\/p>\n<p>\u00a0\u00a0\u00a0\u00a0 &#8211; Declara\u00e7\u00e3o que n\u00e3o recebe qualquer tipo de subven\u00e7\u00e3o, aux\u00edlio ou benef\u00edcio dos cofres p\u00fablicos ou da Institui\u00e7\u00e3o Superior privada.<\/p>\n<p>\u00a0\u00a0\u00a0\u00a0 &#8211; Termo de compromisso pelo qual o servidor se obrigar\u00e1 a:<\/p>\n<ul>\n<li>devolver o benef\u00edcio recebido no caso de desist\u00eancia, trancamento, abandono, reprova\u00e7\u00e3o em disciplina ou no Curso, e\/ou\u00a0\u00a0 qualquer motivo que impe\u00e7a\/impossibilite a certifica\u00e7\u00e3o no Curso que originou o recebimento do Apoio Financeiro;<\/li>\n<li>fornecer uma c\u00f3pia impressa e outra em meio digital, al\u00e9m de realizar apresenta\u00e7\u00e3o do trabalho de conclus\u00e3o do curso que originou o recebimento do Apoio Financeiro.<\/li>\n<\/ul>\n<p>A ficha de inscri\u00e7\u00e3o e declara\u00e7\u00f5es podem ser adquiridas no NAGP ou no site institucional: <a href=\"http:\/\/www.ifbaiano.edu.br\/\">www.ifbaiano.edu.br<\/a>.<\/p>\n<p><strong>O resultado final da sele\u00e7\u00e3o ser\u00e1 divulgado no<\/strong><strong> dia 31\/10\/2011<\/strong>, no site do campus: <a href=\"http:\/\/www.ifbaiano.edu.br\/unidades\/valenca\">www.ifbaiano.edu.br\/unidades\/valenca<\/a>, e no sitio institucional\/ DGP\/CAPACITA\u00c7\u00c3O: <a href=\"http:\/\/www.ifbaiano.edu.br\/dgp\">www.ifbaiano.edu.br\/dgp<\/a>.<\/p>\n<p><strong>Confira o\u00a0\u00a0<a href=\"http:\/\/www.ifbaiano.edu.br\/unidades\/valenca\/files\/2011\/10\/Edital-apoio-a-qualifica\u00e7\u00e3o.pdf\">Edital<\/a><\/strong><\/p>\n<p>Informa\u00e7\u00f5es adicionais podem ser obtidas com a comiss\u00e3o do Programa: Tecla Queir\u00f3s, Paulo Assis e Tatiana Sant\u2019Anna, ou ligue para o N\u00facleo de Apoio \u00e0 Gest\u00e3o de Pessoas: (75) 3641 3511.<\/p>\n<p><strong><\/strong>\u00a0<\/p>\n<p><strong>Servi\u00e7o:<\/strong><\/p>\n<p><strong>O que?<\/strong> Lan\u00e7amento de edital de sele\u00e7\u00e3o para Apoio a Qualifica\u00e7\u00e3o do Campus Valen\u00e7a<\/p>\n<p><strong>Quando?<\/strong> Inscri\u00e7\u00f5es at\u00e9 21 de outubro<\/p>\n<p><strong>Onde? <\/strong>N\u00facleo de Apoio \u00e0 Gest\u00e3o de Pessoas (NAGP) do <em>Campus<\/em> Valen\u00e7a \u2013 Rua Glic\u00e9rio Tavares, Bairro Bate-quente, s\/n.<\/p>\n<p><strong>D\u00favidas?<\/strong> Procure a comiss\u00e3o do Programa: Tecla Queir\u00f3s, Paulo Assis e Tatiana Sant\u2019Anna, ou ligue para o N\u00facleo de Apoio \u00e0 Gest\u00e3o de Pessoas: (75) 3641 3511.<\/p>\n","protected":false},"excerpt":{"rendered":"<p>Lan\u00e7ado o edital de sele\u00e7\u00e3o para concess\u00e3o de aux\u00edlio financeiro para todos os servidores em exerc\u00edcio no Campus Valen\u00e7a, que estejam matriculados em cursos de gradua\u00e7\u00e3o ou p\u00f3s-gradua\u00e7\u00e3o da Rede Privada de Ensino. O per\u00edodo de inscri\u00e7\u00e3o \u00e9 de 18 a 21\/10\/2011, no N\u00facleo de Apoio \u00e0 Gest\u00e3o de Pessoas (NAGP) do pr\u00f3prio Campus. O [&hellip;]<\/p>\n","protected":false},"author":6,"featured_media":0,"comment_status":"open","ping_status":"open","sticky":false,"template":"","format":"standard","meta":[],"categories":[5,32],"tags":[],"_links":{"self":[{"href":"https:\/\/www.ifbaiano.edu.br\/unidades\/valenca\/wp-json\/wp\/v2\/posts\/836"}],"collection":[{"href":"https:\/\/www.ifbaiano.edu.br\/unidades\/valenca\/wp-json\/wp\/v2\/posts"}],"about":[{"href":"https:\/\/www.ifbaiano.edu.br\/unidades\/valenca\/wp-json\/wp\/v2\/types\/post"}],"author":[{"embeddable":true,"href":"https:\/\/www.ifbaiano.edu.br\/unidades\/valenca\/wp-json\/wp\/v2\/users\/6"}],"replies":[{"embeddable":true,"href":"https:\/\/www.ifbaiano.edu.br\/unidades\/valenca\/wp-json\/wp\/v2\/comments?post=836"}],"version-history":[{"count":5,"href":"https:\/\/www.ifbaiano.edu.br\/unidades\/valenca\/wp-json\/wp\/v2\/posts\/836\/revisions"}],"predecessor-version":[{"id":840,"href":"https:\/\/www.ifbaiano.edu.br\/unidades\/valenca\/wp-json\/wp\/v2\/posts\/836\/revisions\/840"}],"wp:attachment":[{"href":"https:\/\/www.ifbaiano.edu.br\/unidades\/valenca\/wp-json\/wp\/v2\/media?parent=836"}],"wp:term":[{"taxonomy":"category","embeddable":true,"href":"https:\/\/www.ifbaiano.edu.br\/unidades\/valenca\/wp-json\/wp\/v2\/categories?post=836"},{"taxonomy":"post_tag","embeddable":true,"href":"https:\/\/www.ifbaiano.edu.br\/unidades\/valenca\/wp-json\/wp\/v2\/tags?post=836"}],"curies":[{"name":"wp","href":"https:\/\/api.w.org\/{rel}","templated":true}]}}