{"id":8428,"date":"2022-10-14T14:54:23","date_gmt":"2022-10-14T17:54:23","guid":{"rendered":"https:\/\/www.ifbaiano.edu.br\/unidades\/valenca\/?p=8428"},"modified":"2022-11-03T14:46:07","modified_gmt":"2022-11-03T17:46:07","slug":"inscricoes-para-a-pos-graduacao-lato-sensu-em-meio-ambiente-e-agroecologia-sao-prorrogadas-ate-31-de-outubro","status":"publish","type":"post","link":"https:\/\/www.ifbaiano.edu.br\/unidades\/valenca\/2022\/10\/14\/inscricoes-para-a-pos-graduacao-lato-sensu-em-meio-ambiente-e-agroecologia-sao-prorrogadas-ate-31-de-outubro\/","title":{"rendered":"Inscri\u00e7\u00f5es para a p\u00f3s-gradua\u00e7\u00e3o lato sensu em Meio Ambiente e Agroecologia s\u00e3o prorrogadas at\u00e9 31 de outubro"},"content":{"rendered":"","protected":false},"excerpt":{"rendered":"","protected":false},"author":146,"featured_media":0,"comment_status":"open","ping_status":"open","sticky":false,"template":"","format":"standard","meta":[],"categories":[63],"tags":[],"_links":{"self":[{"href":"https:\/\/www.ifbaiano.edu.br\/unidades\/valenca\/wp-json\/wp\/v2\/posts\/8428"}],"collection":[{"href":"https:\/\/www.ifbaiano.edu.br\/unidades\/valenca\/wp-json\/wp\/v2\/posts"}],"about":[{"href":"https:\/\/www.ifbaiano.edu.br\/unidades\/valenca\/wp-json\/wp\/v2\/types\/post"}],"author":[{"embeddable":true,"href":"https:\/\/www.ifbaiano.edu.br\/unidades\/valenca\/wp-json\/wp\/v2\/users\/146"}],"replies":[{"embeddable":true,"href":"https:\/\/www.ifbaiano.edu.br\/unidades\/valenca\/wp-json\/wp\/v2\/comments?post=8428"}],"version-history":[{"count":1,"href":"https:\/\/www.ifbaiano.edu.br\/unidades\/valenca\/wp-json\/wp\/v2\/posts\/8428\/revisions"}],"predecessor-version":[{"id":8472,"href":"https:\/\/www.ifbaiano.edu.br\/unidades\/valenca\/wp-json\/wp\/v2\/posts\/8428\/revisions\/8472"}],"wp:attachment":[{"href":"https:\/\/www.ifbaiano.edu.br\/unidades\/valenca\/wp-json\/wp\/v2\/media?parent=8428"}],"wp:term":[{"taxonomy":"category","embeddable":true,"href":"https:\/\/www.ifbaiano.edu.br\/unidades\/valenca\/wp-json\/wp\/v2\/categories?post=8428"},{"taxonomy":"post_tag","embeddable":true,"href":"https:\/\/www.ifbaiano.edu.br\/unidades\/valenca\/wp-json\/wp\/v2\/tags?post=8428"}],"curies":[{"name":"wp","href":"https:\/\/api.w.org\/{rel}","templated":true}]}}