{"id":8432,"date":"2022-10-14T15:12:40","date_gmt":"2022-10-14T18:12:40","guid":{"rendered":"https:\/\/www.ifbaiano.edu.br\/unidades\/valenca\/?p=8432"},"modified":"2022-10-14T15:12:40","modified_gmt":"2022-10-14T18:12:40","slug":"famif-2022-divulga-nova-data-6-7-e-8-de-dezembro","status":"publish","type":"post","link":"https:\/\/www.ifbaiano.edu.br\/unidades\/valenca\/2022\/10\/14\/famif-2022-divulga-nova-data-6-7-e-8-de-dezembro\/","title":{"rendered":"Famif 2022 divulga nova data: 6, 7 e 8 de dezembro"},"content":{"rendered":"\n<p><em>O Festival de Arte e M\u00fasica do IF Baiano teve 360 inscri\u00e7\u00f5es, mobilizando mais de 500 participantes de todas as unidades da institui\u00e7\u00e3o<\/em><\/p>\n\n\n\n<p>O&nbsp;<strong>Festival de Arte e M\u00fasica do IF Baiano \u2013 Famif 2022<\/strong>&nbsp;teve&nbsp;<a href=\"https:\/\/concurso.ifbaiano.edu.br\/portal\/famif-2022\/wp-content\/uploads\/sites\/657\/2022\/10\/Homologacao-das-inscricoes-FAMIF-2022-Assinado.pdf\">360 apresenta\u00e7\u00f5es inscritas<\/a>, mobilizando mais de 500 participantes de todas as unidades da institui\u00e7\u00e3o. O evento, que teria fase final em novembro, foi remarcado para os dias&nbsp;<strong>6, 7 e 8 de dezembro<\/strong>&nbsp;e acontecer\u00e1 no Campus Catu. Al\u00e9m das oficinas culturais do Famif e de sua etapa final, acontecer\u00e3o, concomitantemente, nesses tr\u00eas dias os eventos:&nbsp;<strong>o Semin\u00e1rio de Extens\u00e3o, Inova\u00e7\u00e3o e Cultura (IV SEIC), o Simp\u00f3sio de Internacionaliza\u00e7\u00e3o (III Sinter) e a VII Mostra de Inicia\u00e7\u00e3o Cient\u00edfica (MIC 2022).<\/strong><\/p>\n\n\n\n<p>Durante o m\u00eas de outubro, acontecem as seletivas internas do Famif e no perfil do festival no Instagram, @famifbaiano, \u00e9 poss\u00edvel acompanhar um pouquinho do que tem acontecido em cada unidade do IF Baiano. De acordo com a coordenadora de Difus\u00e3o Cultural da Pr\u00f3-reitoria de Extens\u00e3o, Pollyanna Brasil, a quantidade de inscritos surpreendeu a comiss\u00e3o organizadora do evento, pois superou bastante as 260 inscri\u00e7\u00f5es de 2019.&nbsp;<\/p>\n\n\n\n<p>\u201cAp\u00f3s 2 anos de pandemia, a gente imaginava que a procura seria grande, mas n\u00e3o que superaria tanto a primeira edi\u00e7\u00e3o presencial. Muito bom saber o quanto a sede de arte est\u00e1 viva e pulsante no IF Baiano\u201d, afirma Pollyanna.<\/p>\n\n\n\n<p>O aluno do Campus Guanambi, Pedro Alves Martins Neto, est\u00e1 muito feliz de participar do evento que considera uma oportunidade \u00fanica. \u201cQuero aproveitar bastante esse momento e tentar fazer da melhor forma poss\u00edvel para que as pessoas venham entender o verdadeiro sentido da arte e sejam edificadas atrav\u00e9s dela no festival\u201d, afirma.<\/p>\n\n\n\n<p>Com participantes de todas as categorias inscritos (estudantes, egressos, docentes, servidores t\u00e9cnico-administrativos, terceirizados e estagi\u00e1rios), os Festivais Internos do Famif 2022 est\u00e3o mobilizando a comunidade acad\u00eamica com muita cultura e arte. Os campi Itapetinga, Serrinha e Xique-xique j\u00e1 realizaram a etapa interna.&nbsp;<\/p>\n\n\n\n<p><strong>Confira abaixo as datas das demais unidades:<\/strong><\/p>\n\n\n\n<p>Campus Teixeira de Freitas \u2013 17 de outubro<\/p>\n\n\n\n<p>Campus Santa In\u00eas \u2013 18 de outubro<\/p>\n\n\n\n<p>Campus Uru\u00e7uca \u2013 18 de outubro<\/p>\n\n\n\n<p>Campus Governador Mangabeira \u2013 18 de outubro&nbsp;<\/p>\n\n\n\n<p>Campus Senhor do Bonfim \u2013 19 de outubro<\/p>\n\n\n\n<p>Campus Guanambi \u2013 19 de outubro<\/p>\n\n\n\n<p>Campus Itaberaba \u2013 19 de outubro<\/p>\n\n\n\n<p>Reitoria \u2013 19 de outubro<\/p>\n\n\n\n<p>Campus Valen\u00e7a \u2013 20 de outubro<\/p>\n\n\n\n<p>Campus Alagoinhas \u2013 20 de outubro<\/p>\n\n\n\n<p>Campus Bom Jesus da Lapa \u2013 20 e 21 de outubro<\/p>\n\n\n\n<p>Campus Catu \u2013 25 de outubro<\/p>\n\n\n\n<hr class=\"wp-block-separator is-style-wide\" \/>\n\n\n\n<p>Mat\u00e9ria ASCOM dispon\u00edvel em: <em>https:\/\/ifbaiano.edu.br\/portal\/blog\/famif-2022-divulga-nova-data-67-e-8-de-dezembro\/<\/em><\/p>\n","protected":false},"excerpt":{"rendered":"<p>O Festival de Arte e M\u00fasica do IF Baiano teve 360 inscri\u00e7\u00f5es, mobilizando mais de 500 participantes de todas as unidades da institui\u00e7\u00e3o O&nbsp;Festival de Arte e M\u00fasica do IF Baiano \u2013 Famif 2022&nbsp;teve&nbsp;360 apresenta\u00e7\u00f5es inscritas, mobilizando mais de 500 participantes de todas as unidades da institui\u00e7\u00e3o. O evento, que teria fase final em novembro, [&hellip;]<\/p>\n","protected":false},"author":146,"featured_media":8265,"comment_status":"open","ping_status":"open","sticky":false,"template":"","format":"standard","meta":[],"categories":[5,34,63],"tags":[238,239,240],"_links":{"self":[{"href":"https:\/\/www.ifbaiano.edu.br\/unidades\/valenca\/wp-json\/wp\/v2\/posts\/8432"}],"collection":[{"href":"https:\/\/www.ifbaiano.edu.br\/unidades\/valenca\/wp-json\/wp\/v2\/posts"}],"about":[{"href":"https:\/\/www.ifbaiano.edu.br\/unidades\/valenca\/wp-json\/wp\/v2\/types\/post"}],"author":[{"embeddable":true,"href":"https:\/\/www.ifbaiano.edu.br\/unidades\/valenca\/wp-json\/wp\/v2\/users\/146"}],"replies":[{"embeddable":true,"href":"https:\/\/www.ifbaiano.edu.br\/unidades\/valenca\/wp-json\/wp\/v2\/comments?post=8432"}],"version-history":[{"count":1,"href":"https:\/\/www.ifbaiano.edu.br\/unidades\/valenca\/wp-json\/wp\/v2\/posts\/8432\/revisions"}],"predecessor-version":[{"id":8433,"href":"https:\/\/www.ifbaiano.edu.br\/unidades\/valenca\/wp-json\/wp\/v2\/posts\/8432\/revisions\/8433"}],"wp:featuredmedia":[{"embeddable":true,"href":"https:\/\/www.ifbaiano.edu.br\/unidades\/valenca\/wp-json\/wp\/v2\/media\/8265"}],"wp:attachment":[{"href":"https:\/\/www.ifbaiano.edu.br\/unidades\/valenca\/wp-json\/wp\/v2\/media?parent=8432"}],"wp:term":[{"taxonomy":"category","embeddable":true,"href":"https:\/\/www.ifbaiano.edu.br\/unidades\/valenca\/wp-json\/wp\/v2\/categories?post=8432"},{"taxonomy":"post_tag","embeddable":true,"href":"https:\/\/www.ifbaiano.edu.br\/unidades\/valenca\/wp-json\/wp\/v2\/tags?post=8432"}],"curies":[{"name":"wp","href":"https:\/\/api.w.org\/{rel}","templated":true}]}}