{"id":8440,"date":"2022-10-17T13:41:03","date_gmt":"2022-10-17T16:41:03","guid":{"rendered":"https:\/\/www.ifbaiano.edu.br\/unidades\/valenca\/?p=8440"},"modified":"2022-10-17T17:37:50","modified_gmt":"2022-10-17T20:37:50","slug":"estudante-do-curso-de-biologia-do-campus-valenca-recebe-premio-internacional","status":"publish","type":"post","link":"https:\/\/www.ifbaiano.edu.br\/unidades\/valenca\/2022\/10\/17\/estudante-do-curso-de-biologia-do-campus-valenca-recebe-premio-internacional\/","title":{"rendered":"Estudante do curso de Biologia do campus Valen\u00e7a recebe pr\u00eamio Internacional"},"content":{"rendered":"\n<p>Maiara Santos Sales foi premiada pelo melhor p\u00f4ster na 14\u00ba Edi\u00e7\u00e3o do Congresso Mesoamericano de Investiga\u00e7\u00e3o UNACH (CMIU), do M\u00e9xico<\/p>\n\n\n\n<p>A estudante Maiara Santos Sales, do curso de Licenciatura em Ci\u00eancias Biol\u00f3gicas do IF Baiano <em>campus <\/em>Valen\u00e7a, apresentou o resultado do trabalho &#8220;Percepciones de los docentes sobre la Agenda 2030 y la educaci\u00f3n para lo sostenibilidad&#8221;, orientado pelas docentes Helenadja Santos Mota e Dislene Cardoso de Brito, na 14\u00ba Edi\u00e7\u00e3o do Congresso Mesoamericano de Investiga\u00e7\u00e3o UNACH (CMIU), do M\u00e9xico, na modalidade online. Seu <a href=\"https:\/\/www.ifbaiano.edu.br\/unidades\/valenca\/files\/2022\/10\/Poster-premiado-CMIU.pptx\">p\u00f4ster<\/a> foi considerado o melhor da categoria &#8220;Educacion y la cienicia de la conducta&#8221;.<\/p>\n\n\n\n<div class=\"wp-block-columns is-layout-flex wp-container-3\">\n<div class=\"wp-block-column is-layout-flow\">\n<figure class=\"wp-block-image size-full\"><img decoding=\"async\" loading=\"lazy\" width=\"1201\" height=\"1600\" src=\"https:\/\/www.ifbaiano.edu.br\/unidades\/valenca\/files\/2022\/10\/Estudante-de-Biologia.jpeg\" alt=\"\" class=\"wp-image-8444\" \/><\/figure>\n<\/div>\n\n\n\n<div class=\"wp-block-column is-layout-flow\">\n<figure class=\"wp-block-image size-full\"><img decoding=\"async\" loading=\"lazy\" width=\"1202\" height=\"1600\" src=\"https:\/\/www.ifbaiano.edu.br\/unidades\/valenca\/files\/2022\/10\/Estudante-de-Biologia-CMIU-2022.jpeg\" alt=\"\" class=\"wp-image-8445\" \/><\/figure>\n<\/div>\n<\/div>\n\n\n\n<p>A pesquisa premiada discutiu as percep\u00e7\u00f5es de professores da educa\u00e7\u00e3o b\u00e1sica acerca da Agenda 2030 e a educa\u00e7\u00e3o para a sustentabilidade como estrat\u00e9gia para subsidiar indicativos de alcance \u00e0s metas do ODS 4, a saber: assegurar a educa\u00e7\u00e3o inclusiva e equitativa e de qualidade; e promover oportunidades de aprendizagem ao longo da vida para todos.<\/p>\n\n\n\n<p>Para a Profa. Dra. e orientadora Helenadja Mota, esse exerc\u00edcio de pesquisa estimula o despertar da voca\u00e7\u00e3o cient\u00edfica, possibilita novas formas de aprendizado al\u00e9m do amadurecimento do pensamento cr\u00edtico, autonomia, criatividade, melhor compreens\u00e3o do conhecimento cient\u00edfico e possibilidades futuras tanto acad\u00eamicas quanto profissionais.<\/p>\n\n\n\n<p>Acesse <a href=\"https:\/\/www.ifbaiano.edu.br\/unidades\/valenca\/files\/2022\/10\/Poster-premiado-CMIU.pptx\" data-type=\"URL\" data-id=\"https:\/\/www.ifbaiano.edu.br\/unidades\/valenca\/files\/2022\/10\/Poster-premiado-CMIU.pptx\">aqui<\/a> o p\u00f4ster premiado.<\/p>\n","protected":false},"excerpt":{"rendered":"<p>Maiara Santos Sales foi premiada pelo melhor p\u00f4ster na 14\u00ba Edi\u00e7\u00e3o do Congresso Mesoamericano de Investiga\u00e7\u00e3o UNACH (CMIU), do M\u00e9xico A estudante Maiara Santos Sales, do curso de Licenciatura em Ci\u00eancias Biol\u00f3gicas do IF Baiano campus Valen\u00e7a, apresentou o resultado do trabalho &#8220;Percepciones de los docentes sobre la Agenda 2030 y la educaci\u00f3n para lo [&hellip;]<\/p>\n","protected":false},"author":146,"featured_media":8446,"comment_status":"open","ping_status":"open","sticky":false,"template":"","format":"standard","meta":[],"categories":[5,34,63],"tags":[184,241],"_links":{"self":[{"href":"https:\/\/www.ifbaiano.edu.br\/unidades\/valenca\/wp-json\/wp\/v2\/posts\/8440"}],"collection":[{"href":"https:\/\/www.ifbaiano.edu.br\/unidades\/valenca\/wp-json\/wp\/v2\/posts"}],"about":[{"href":"https:\/\/www.ifbaiano.edu.br\/unidades\/valenca\/wp-json\/wp\/v2\/types\/post"}],"author":[{"embeddable":true,"href":"https:\/\/www.ifbaiano.edu.br\/unidades\/valenca\/wp-json\/wp\/v2\/users\/146"}],"replies":[{"embeddable":true,"href":"https:\/\/www.ifbaiano.edu.br\/unidades\/valenca\/wp-json\/wp\/v2\/comments?post=8440"}],"version-history":[{"count":2,"href":"https:\/\/www.ifbaiano.edu.br\/unidades\/valenca\/wp-json\/wp\/v2\/posts\/8440\/revisions"}],"predecessor-version":[{"id":8447,"href":"https:\/\/www.ifbaiano.edu.br\/unidades\/valenca\/wp-json\/wp\/v2\/posts\/8440\/revisions\/8447"}],"wp:featuredmedia":[{"embeddable":true,"href":"https:\/\/www.ifbaiano.edu.br\/unidades\/valenca\/wp-json\/wp\/v2\/media\/8446"}],"wp:attachment":[{"href":"https:\/\/www.ifbaiano.edu.br\/unidades\/valenca\/wp-json\/wp\/v2\/media?parent=8440"}],"wp:term":[{"taxonomy":"category","embeddable":true,"href":"https:\/\/www.ifbaiano.edu.br\/unidades\/valenca\/wp-json\/wp\/v2\/categories?post=8440"},{"taxonomy":"post_tag","embeddable":true,"href":"https:\/\/www.ifbaiano.edu.br\/unidades\/valenca\/wp-json\/wp\/v2\/tags?post=8440"}],"curies":[{"name":"wp","href":"https:\/\/api.w.org\/{rel}","templated":true}]}}