{"id":8448,"date":"2022-10-19T14:27:11","date_gmt":"2022-10-19T17:27:11","guid":{"rendered":"https:\/\/www.ifbaiano.edu.br\/unidades\/valenca\/?p=8448"},"modified":"2022-10-19T14:27:11","modified_gmt":"2022-10-19T17:27:11","slug":"19a-semana-nacional-de-ciencia-e-tecnologia-snct-no-campus-valenca-contempla-cinco-eventos","status":"publish","type":"post","link":"https:\/\/www.ifbaiano.edu.br\/unidades\/valenca\/2022\/10\/19\/19a-semana-nacional-de-ciencia-e-tecnologia-snct-no-campus-valenca-contempla-cinco-eventos\/","title":{"rendered":"19\u00aa Semana Nacional de Ci\u00eancia e Tecnologia (SNCT) no Campus Valen\u00e7a contempla cinco eventos"},"content":{"rendered":"\n<p>A partir do dia 19 de outubro, o campus sediar\u00e1 o III Simp\u00f3sio de Agroecologia, a V FETESC, o II Semin\u00e1rio de P\u00f3s-Gradua\u00e7\u00e3o, Pesquisa e Extens\u00e3o, FAMIF e a I Semana de Biologia<\/p>\n\n\n\n<p>A Semana Nacional de Ci\u00eancia e Tecnologia (SNCT) \u00e9 um evento anual do Minist\u00e9rio da Ci\u00eancia, Tecnologia e Inova\u00e7\u00f5es (MCTI) que ocorre durante o m\u00eas de outubro. A SNCT visa fomentar os usos sociais da ci\u00eancia e da tecnologia de modo a favorecer a socializa\u00e7\u00e3o das diferentes possibilidades de combate \u00e0 desigualdade social a partir da populariza\u00e7\u00e3o e da divulga\u00e7\u00e3o da ci\u00eancia e da tecnologia.<br>Neste ano de 2022, a 19\u00aa edi\u00e7\u00e3o traz o tema \u201cBicenten\u00e1rio da Independ\u00eancia: 200 anos de Ci\u00eancia, Tecnologia e Inova\u00e7\u00e3o no Brasil\u201d.<\/p>\n\n\n\n<p>A partir do dia 19 de outubro, o campus sediar\u00e1 o III Simp\u00f3sio de Agroecologia, a V FETESC, o II Semin\u00e1rio de P\u00f3s-Gradua\u00e7\u00e3o, Pesquisa e Extens\u00e3o, FAMIF e a I Semana de Biologia<\/p>\n\n\n\n<p>A programa\u00e7\u00e3o disp\u00f5e de atividades diversificadas, integrando eventos t\u00e9cnico-cient\u00edficos, manifesta\u00e7\u00f5es culturais, a\u00e7\u00f5es empreendedoras, a\u00e7\u00f5es sociais, fortalecimento de conhecimentos tradicionais, utiliza\u00e7\u00e3o de ferramentas agroecol\u00f3gicas, sustent\u00e1veis e de contato com a natureza.<\/p>\n\n\n\n<p>Confira abaixo a programa\u00e7\u00e3o e participe!<\/p>\n\n\n\n<div class=\"wp-block-image is-style-default\"><figure class=\"aligncenter size-full is-resized\"><img decoding=\"async\" loading=\"lazy\" src=\"https:\/\/www.ifbaiano.edu.br\/unidades\/valenca\/files\/2022\/10\/SNCT-1.jpeg\" alt=\"\" class=\"wp-image-8451\" width=\"841\" height=\"1071\" \/><\/figure><\/div>\n","protected":false},"excerpt":{"rendered":"<p>A partir do dia 19 de outubro, o campus sediar\u00e1 o III Simp\u00f3sio de Agroecologia, a V FETESC, o II Semin\u00e1rio de P\u00f3s-Gradua\u00e7\u00e3o, Pesquisa e Extens\u00e3o, FAMIF e a I Semana de Biologia A Semana Nacional de Ci\u00eancia e Tecnologia (SNCT) \u00e9 um evento anual do Minist\u00e9rio da Ci\u00eancia, Tecnologia e Inova\u00e7\u00f5es (MCTI) que ocorre [&hellip;]<\/p>\n","protected":false},"author":146,"featured_media":8451,"comment_status":"open","ping_status":"open","sticky":false,"template":"","format":"standard","meta":[],"categories":[5,34,63],"tags":[71,64,243,242],"_links":{"self":[{"href":"https:\/\/www.ifbaiano.edu.br\/unidades\/valenca\/wp-json\/wp\/v2\/posts\/8448"}],"collection":[{"href":"https:\/\/www.ifbaiano.edu.br\/unidades\/valenca\/wp-json\/wp\/v2\/posts"}],"about":[{"href":"https:\/\/www.ifbaiano.edu.br\/unidades\/valenca\/wp-json\/wp\/v2\/types\/post"}],"author":[{"embeddable":true,"href":"https:\/\/www.ifbaiano.edu.br\/unidades\/valenca\/wp-json\/wp\/v2\/users\/146"}],"replies":[{"embeddable":true,"href":"https:\/\/www.ifbaiano.edu.br\/unidades\/valenca\/wp-json\/wp\/v2\/comments?post=8448"}],"version-history":[{"count":2,"href":"https:\/\/www.ifbaiano.edu.br\/unidades\/valenca\/wp-json\/wp\/v2\/posts\/8448\/revisions"}],"predecessor-version":[{"id":8452,"href":"https:\/\/www.ifbaiano.edu.br\/unidades\/valenca\/wp-json\/wp\/v2\/posts\/8448\/revisions\/8452"}],"wp:featuredmedia":[{"embeddable":true,"href":"https:\/\/www.ifbaiano.edu.br\/unidades\/valenca\/wp-json\/wp\/v2\/media\/8451"}],"wp:attachment":[{"href":"https:\/\/www.ifbaiano.edu.br\/unidades\/valenca\/wp-json\/wp\/v2\/media?parent=8448"}],"wp:term":[{"taxonomy":"category","embeddable":true,"href":"https:\/\/www.ifbaiano.edu.br\/unidades\/valenca\/wp-json\/wp\/v2\/categories?post=8448"},{"taxonomy":"post_tag","embeddable":true,"href":"https:\/\/www.ifbaiano.edu.br\/unidades\/valenca\/wp-json\/wp\/v2\/tags?post=8448"}],"curies":[{"name":"wp","href":"https:\/\/api.w.org\/{rel}","templated":true}]}}