{"id":845,"date":"2011-10-19T19:53:25","date_gmt":"2011-10-19T19:53:25","guid":{"rendered":"http:\/\/www.ifbaiano.edu.br\/unidades\/valenca\/?p=845"},"modified":"2011-10-19T20:05:43","modified_gmt":"2011-10-19T20:05:43","slug":"estudantes-do-if-baiano-campus-valenca-retiram-apoio-a-greve","status":"publish","type":"post","link":"https:\/\/www.ifbaiano.edu.br\/unidades\/valenca\/2011\/10\/19\/estudantes-do-if-baiano-campus-valenca-retiram-apoio-a-greve\/","title":{"rendered":"Estudantes do IF Baiano Campus Valen\u00e7a retiram apoio \u00e0 Greve"},"content":{"rendered":"<p>O gr\u00eamio estudantil Edson Luis de Lima Souto (GEELLS), ap\u00f3s 78 dias de apoio \u00e0 greve dos SINASEFE com enumeras mobiliza\u00e7\u00f5es internas e externas, comunicou nesta quarta-feira (19\/10) que os estudantes do campus, ap\u00f3s vota\u00e7\u00e3o em assembleia, estar\u00e3o deixando a base de apoio\u00a0ao movimento grevista\u00a0deflagrado pelo Sindicato Nacional dos Servidores Federais.<\/p>\n<p>\u00a0Confira <a href=\"http:\/\/www.ifbaiano.edu.br\/unidades\/valenca\/files\/2011\/10\/Documento-Assembleia-estudantes.pdf\">Oficio Circular <\/a>\u00a0encaminhado \u00e0 comunidade acad\u00eamica do <em>Campus<\/em>.<\/p>\n","protected":false},"excerpt":{"rendered":"<p>O gr\u00eamio estudantil Edson Luis de Lima Souto (GEELLS), ap\u00f3s 78 dias de apoio \u00e0 greve dos SINASEFE com enumeras mobiliza\u00e7\u00f5es internas e externas, comunicou nesta quarta-feira (19\/10) que os estudantes do campus, ap\u00f3s vota\u00e7\u00e3o em assembleia, estar\u00e3o deixando a base de apoio\u00a0ao movimento grevista\u00a0deflagrado pelo Sindicato Nacional dos Servidores Federais. \u00a0Confira Oficio Circular \u00a0encaminhado [&hellip;]<\/p>\n","protected":false},"author":6,"featured_media":0,"comment_status":"open","ping_status":"open","sticky":false,"template":"","format":"standard","meta":[],"categories":[5,24],"tags":[],"_links":{"self":[{"href":"https:\/\/www.ifbaiano.edu.br\/unidades\/valenca\/wp-json\/wp\/v2\/posts\/845"}],"collection":[{"href":"https:\/\/www.ifbaiano.edu.br\/unidades\/valenca\/wp-json\/wp\/v2\/posts"}],"about":[{"href":"https:\/\/www.ifbaiano.edu.br\/unidades\/valenca\/wp-json\/wp\/v2\/types\/post"}],"author":[{"embeddable":true,"href":"https:\/\/www.ifbaiano.edu.br\/unidades\/valenca\/wp-json\/wp\/v2\/users\/6"}],"replies":[{"embeddable":true,"href":"https:\/\/www.ifbaiano.edu.br\/unidades\/valenca\/wp-json\/wp\/v2\/comments?post=845"}],"version-history":[{"count":6,"href":"https:\/\/www.ifbaiano.edu.br\/unidades\/valenca\/wp-json\/wp\/v2\/posts\/845\/revisions"}],"predecessor-version":[{"id":851,"href":"https:\/\/www.ifbaiano.edu.br\/unidades\/valenca\/wp-json\/wp\/v2\/posts\/845\/revisions\/851"}],"wp:attachment":[{"href":"https:\/\/www.ifbaiano.edu.br\/unidades\/valenca\/wp-json\/wp\/v2\/media?parent=845"}],"wp:term":[{"taxonomy":"category","embeddable":true,"href":"https:\/\/www.ifbaiano.edu.br\/unidades\/valenca\/wp-json\/wp\/v2\/categories?post=845"},{"taxonomy":"post_tag","embeddable":true,"href":"https:\/\/www.ifbaiano.edu.br\/unidades\/valenca\/wp-json\/wp\/v2\/tags?post=845"}],"curies":[{"name":"wp","href":"https:\/\/api.w.org\/{rel}","templated":true}]}}