{"id":8456,"date":"2022-10-20T16:09:54","date_gmt":"2022-10-20T19:09:54","guid":{"rendered":"https:\/\/www.ifbaiano.edu.br\/unidades\/valenca\/?p=8456"},"modified":"2022-10-20T16:12:55","modified_gmt":"2022-10-20T19:12:55","slug":"avaliacoes-da-cpa-estao-abertas-ate-dia-21-de-outubro","status":"publish","type":"post","link":"https:\/\/www.ifbaiano.edu.br\/unidades\/valenca\/2022\/10\/20\/avaliacoes-da-cpa-estao-abertas-ate-dia-21-de-outubro\/","title":{"rendered":"Avalia\u00e7\u00f5es da CPA est\u00e3o abertas at\u00e9 dia 21 de outubro"},"content":{"rendered":"\n<p>A Comiss\u00e3o Pr\u00f3pria de Avalia\u00e7\u00e3o (CPA) conduz o processo de avalia\u00e7\u00e3o interna do IFBAIANO para o INEP <\/p>\n\n\n\n<p>De 17 a 21 de outubro, est\u00e3o abertas as avalia\u00e7\u00f5es da CPA para toda a comunidade do IFBAIANO. Cada categoria dever\u00e1 acessar o formul\u00e1rio correspondente e opinar: <\/p>\n\n\n\n<p><strong>CPA Segmento &#8211; DOCENTE (ID 364149):<\/strong> <br><a href=\"http:\/\/opinanovo.ifbaiano.edu.br\/index.php\/364149?lang=pt-BR\">http:\/\/opinanovo.ifbaiano.edu.br\/index.php\/364149?lang=pt-BR<\/a><\/p>\n\n\n\n<p><strong>CPA Segmento &#8211; T\u00c9CNICO-ADMINISTRATIVO (ID 823287):<\/strong> <br><a href=\"http:\/\/opinanovo.ifbaiano.edu.br\/index.php\/823287?lang=pt-BR\">http:\/\/opinanovo.ifbaiano.edu.br\/index.php\/823287?lang=pt-BR<\/a><\/p>\n\n\n\n<p><strong>CPA Segmento &#8211; DISCENTE (ID 642113): <\/strong><br><a href=\"http:\/\/opinanovo.ifbaiano.edu.br\/index.php\/642113?lang=pt-BR\">http:\/\/opinanovo.ifbaiano.edu.br\/index.php\/642113?lang=pt-BR<\/a><\/p>\n\n\n\n<p><strong>CPA Segmento &#8211; SOCIEDADE CIVIL (ID 798684):<\/strong> <br><a href=\"http:\/\/opinanovo.ifbaiano.edu.br\/index.php\/798684?lang=pt- Comiss\u00e3o Pr\u00f3pria de Avalia\u00e7\u00e3o \u2013 CPA\">http:\/\/opinanovo.ifbaiano.edu.br\/index.php\/798684?lang=pt- Comiss\u00e3o Pr\u00f3pria de Avalia\u00e7\u00e3o \u2013 CPA<\/a><\/p>\n\n\n\n<p>A atua\u00e7\u00e3o da Comiss\u00e3o Pr\u00f3pria de Avalia\u00e7\u00e3o (CPA) se fundamenta na necessidade de promover a melhoria da qualidade da educa\u00e7\u00e3o superior, a orienta\u00e7\u00e3o da expans\u00e3o da sua oferta, o aumento permanente da sua efic\u00e1cia institucional, da sua efetividade acad\u00eamica e social e, especialmente, do aprofundamento dos seus compromissos e responsabilidades sociais.<\/p>\n\n\n\n<p>Nesse sentido, a CPA do IF Baiano \u00e9 um \u00f3rg\u00e3o colegiado, de natureza consultiva, deliberativa e normativa, no \u00e2mbito dos aspectos avaliativos das \u00e1reas acad\u00eamica e administrativa, integrando o Sistema Nacional de Avalia\u00e7\u00e3o da Educa\u00e7\u00e3o Superior (SINAES) e atende ao Plano de Desenvolvimento Institucional (PDI) do IF Baiano quanto aos n\u00edveis e modalidades de ensino. Ela tem atua\u00e7\u00e3o aut\u00f4noma e amparo legal em rela\u00e7\u00e3o aos conselhos e demais \u00f3rg\u00e3os colegiados existentes nesta Institui\u00e7\u00e3o, de modo que a atividade da CPA consiste em autoavaliar, atrav\u00e9s dos eixos representativos do SINAES (Planejamento e Avalia\u00e7\u00e3o Institucional, Desenvolvimento Institucional, Pol\u00edticas Acad\u00eamicas, Pol\u00edticas de Gest\u00e3o e Infraestrutura), e diagnosticar, com o peso da anu\u00eancia dos segmentos da institui\u00e7\u00e3o, os poss\u00edveis pontos fracos, medianos e fortes que a constitui, e, a partir dessa pesquisa, focalizar os trabalhos, por interm\u00e9dio dos gestores, com vistas a uma educa\u00e7\u00e3o de excel\u00eancia.<br><\/p>\n","protected":false},"excerpt":{"rendered":"<p>A Comiss\u00e3o Pr\u00f3pria de Avalia\u00e7\u00e3o (CPA) conduz o processo de avalia\u00e7\u00e3o interna do IFBAIANO para o INEP De 17 a 21 de outubro, est\u00e3o abertas as avalia\u00e7\u00f5es da CPA para toda a comunidade do IFBAIANO. Cada categoria dever\u00e1 acessar o formul\u00e1rio correspondente e opinar: CPA Segmento &#8211; DOCENTE (ID 364149): http:\/\/opinanovo.ifbaiano.edu.br\/index.php\/364149?lang=pt-BR CPA Segmento &#8211; T\u00c9CNICO-ADMINISTRATIVO [&hellip;]<\/p>\n","protected":false},"author":146,"featured_media":8459,"comment_status":"open","ping_status":"open","sticky":false,"template":"","format":"standard","meta":[],"categories":[5,63],"tags":[71,244,237],"_links":{"self":[{"href":"https:\/\/www.ifbaiano.edu.br\/unidades\/valenca\/wp-json\/wp\/v2\/posts\/8456"}],"collection":[{"href":"https:\/\/www.ifbaiano.edu.br\/unidades\/valenca\/wp-json\/wp\/v2\/posts"}],"about":[{"href":"https:\/\/www.ifbaiano.edu.br\/unidades\/valenca\/wp-json\/wp\/v2\/types\/post"}],"author":[{"embeddable":true,"href":"https:\/\/www.ifbaiano.edu.br\/unidades\/valenca\/wp-json\/wp\/v2\/users\/146"}],"replies":[{"embeddable":true,"href":"https:\/\/www.ifbaiano.edu.br\/unidades\/valenca\/wp-json\/wp\/v2\/comments?post=8456"}],"version-history":[{"count":1,"href":"https:\/\/www.ifbaiano.edu.br\/unidades\/valenca\/wp-json\/wp\/v2\/posts\/8456\/revisions"}],"predecessor-version":[{"id":8457,"href":"https:\/\/www.ifbaiano.edu.br\/unidades\/valenca\/wp-json\/wp\/v2\/posts\/8456\/revisions\/8457"}],"wp:featuredmedia":[{"embeddable":true,"href":"https:\/\/www.ifbaiano.edu.br\/unidades\/valenca\/wp-json\/wp\/v2\/media\/8459"}],"wp:attachment":[{"href":"https:\/\/www.ifbaiano.edu.br\/unidades\/valenca\/wp-json\/wp\/v2\/media?parent=8456"}],"wp:term":[{"taxonomy":"category","embeddable":true,"href":"https:\/\/www.ifbaiano.edu.br\/unidades\/valenca\/wp-json\/wp\/v2\/categories?post=8456"},{"taxonomy":"post_tag","embeddable":true,"href":"https:\/\/www.ifbaiano.edu.br\/unidades\/valenca\/wp-json\/wp\/v2\/tags?post=8456"}],"curies":[{"name":"wp","href":"https:\/\/api.w.org\/{rel}","templated":true}]}}