{"id":8463,"date":"2022-10-27T10:08:24","date_gmt":"2022-10-27T13:08:24","guid":{"rendered":"https:\/\/www.ifbaiano.edu.br\/unidades\/valenca\/?p=8463"},"modified":"2022-10-27T10:08:24","modified_gmt":"2022-10-27T13:08:24","slug":"convocacao-para-apresentacao-de-documentos-originais-comprobatorios-curso-superior-ingressos-em-2022-1","status":"publish","type":"post","link":"https:\/\/www.ifbaiano.edu.br\/unidades\/valenca\/2022\/10\/27\/convocacao-para-apresentacao-de-documentos-originais-comprobatorios-curso-superior-ingressos-em-2022-1\/","title":{"rendered":"Convoca\u00e7\u00e3o para apresenta\u00e7\u00e3o de documentos originais comprobat\u00f3rios \u2013 Curso Superior \u2013 Ingressos em 2022.1"},"content":{"rendered":"\n<p>O Instituto Federal de Educa\u00e7\u00e3o, Ci\u00eancia e Tecnologia Baianoo &#8211; Campus Valen\u00e7a, convoca os(as) candidatos(as) matriculados(as) no processo para ingresso de estudantes no 1\u00ba semestre de 2022, no curso de gradua\u00e7\u00e3o em Ci\u00eancias Biol\u00f3gicas, para apresenta\u00e7\u00e3o dos documentos comprobat\u00f3rios (originais e c\u00f3pias), conforme o <a href=\"https:\/\/www.ifbaiano.edu.br\/unidades\/valenca\/files\/2022\/10\/Convocacao-para-apresentacao-de-documentos-originais-Cursos-Superior-Ingressos-em-2022.1.pdf\" data-type=\"URL\" data-id=\"https:\/\/www.ifbaiano.edu.br\/unidades\/valenca\/files\/2022\/10\/Convocacao-para-apresentacao-de-documentos-originais-Cursos-Superior-Ingressos-em-2022.1.pdf\">edital n\u00ba 20, de 17 de fevereiro de 2022<\/a>, de acordo ao tipo de vaga a que foi classificado (conforme item 2.3 do edital). <\/p>\n\n\n\n<p>Local: Secretaria de Registros Acad\u00eamicos \u2013 Campus Valen\u00e7a <br>Cronograma: de 27\/10 a 04\/11\/2022 \u2013 das 18:00 \u00e0s 21:30 horas. <\/p>\n\n\n\n<p>\u00c9 imprescind\u00edvel o comparecimento no dia e hor\u00e1rio agendados. Confira os documentos que dever\u00e3o ser apresentados (original e c\u00f3pia) no edital abaixo:<\/p>\n\n\n\n<p><a href=\"https:\/\/www.ifbaiano.edu.br\/unidades\/valenca\/files\/2022\/10\/Convocacao-para-apresentacao-de-documentos-originais-Cursos-Superior-Ingressos-em-2022.1.pdf\">Edital n\u00ba 20, de 17 de fevereiro de 2022<\/a><\/p>\n","protected":false},"excerpt":{"rendered":"<p>O Instituto Federal de Educa\u00e7\u00e3o, Ci\u00eancia e Tecnologia Baianoo &#8211; Campus Valen\u00e7a, convoca os(as) candidatos(as) matriculados(as) no processo para ingresso de estudantes no 1\u00ba semestre de 2022, no curso de gradua\u00e7\u00e3o em Ci\u00eancias Biol\u00f3gicas, para apresenta\u00e7\u00e3o dos documentos comprobat\u00f3rios (originais e c\u00f3pias), conforme o edital n\u00ba 20, de 17 de fevereiro de 2022, de acordo [&hellip;]<\/p>\n","protected":false},"author":146,"featured_media":7601,"comment_status":"open","ping_status":"open","sticky":false,"template":"","format":"standard","meta":[],"categories":[63],"tags":[],"_links":{"self":[{"href":"https:\/\/www.ifbaiano.edu.br\/unidades\/valenca\/wp-json\/wp\/v2\/posts\/8463"}],"collection":[{"href":"https:\/\/www.ifbaiano.edu.br\/unidades\/valenca\/wp-json\/wp\/v2\/posts"}],"about":[{"href":"https:\/\/www.ifbaiano.edu.br\/unidades\/valenca\/wp-json\/wp\/v2\/types\/post"}],"author":[{"embeddable":true,"href":"https:\/\/www.ifbaiano.edu.br\/unidades\/valenca\/wp-json\/wp\/v2\/users\/146"}],"replies":[{"embeddable":true,"href":"https:\/\/www.ifbaiano.edu.br\/unidades\/valenca\/wp-json\/wp\/v2\/comments?post=8463"}],"version-history":[{"count":2,"href":"https:\/\/www.ifbaiano.edu.br\/unidades\/valenca\/wp-json\/wp\/v2\/posts\/8463\/revisions"}],"predecessor-version":[{"id":8466,"href":"https:\/\/www.ifbaiano.edu.br\/unidades\/valenca\/wp-json\/wp\/v2\/posts\/8463\/revisions\/8466"}],"wp:featuredmedia":[{"embeddable":true,"href":"https:\/\/www.ifbaiano.edu.br\/unidades\/valenca\/wp-json\/wp\/v2\/media\/7601"}],"wp:attachment":[{"href":"https:\/\/www.ifbaiano.edu.br\/unidades\/valenca\/wp-json\/wp\/v2\/media?parent=8463"}],"wp:term":[{"taxonomy":"category","embeddable":true,"href":"https:\/\/www.ifbaiano.edu.br\/unidades\/valenca\/wp-json\/wp\/v2\/categories?post=8463"},{"taxonomy":"post_tag","embeddable":true,"href":"https:\/\/www.ifbaiano.edu.br\/unidades\/valenca\/wp-json\/wp\/v2\/tags?post=8463"}],"curies":[{"name":"wp","href":"https:\/\/api.w.org\/{rel}","templated":true}]}}