{"id":8475,"date":"2022-11-07T14:44:36","date_gmt":"2022-11-07T17:44:36","guid":{"rendered":"https:\/\/www.ifbaiano.edu.br\/unidades\/valenca\/?p=8475"},"modified":"2022-11-07T20:54:19","modified_gmt":"2022-11-07T23:54:19","slug":"i-ciclo-de-debates-do-obsul-esta-com-inscricoes-abertas-participe","status":"publish","type":"post","link":"https:\/\/www.ifbaiano.edu.br\/unidades\/valenca\/2022\/11\/07\/i-ciclo-de-debates-do-obsul-esta-com-inscricoes-abertas-participe\/","title":{"rendered":"I ciclo de debates do OBSUL est\u00e1 com inscri\u00e7\u00f5es abertas. Participe!"},"content":{"rendered":"\n<p><em>Campus Valen\u00e7a sedia a primeira edi\u00e7\u00e3o do evento, que ocorrer\u00e1 de 16 a 18 de novembro, e tem como tema &#8220;Territ\u00f3rio, Cultura e (Des)envolvimento no Baixo Sul da Bahia&#8221; <\/em><\/p>\n\n\n\n<p>O Observat\u00f3rio Socioterritorial do Baixo Sul da Bahia (OBSUL) promove o I Ciclo de Debates entre os dias 16, 17 e 18 de novembro de 2022, \u00e0 noite, a partir das 18h30, no campus Valen\u00e7a. O evento, cujo tema \u00e9 \u201cTerrit\u00f3rio, Cultura e (Des)envolvimento no Baixo Sul da Bahia\u201d \u00e9 presencial e est\u00e1 com inscri\u00e7\u00f5es abertas no site do IF Baiano. Esta \u00e9 a primeira experi\u00eancia sistematizada do grupo de pesquisa do Observat\u00f3rio de Pesquisas e Saberes Socioterritoriais do Baixo Sul da Bahia (OBSUL\/IF Baiano), em articula\u00e7\u00e3o com professores, educadores populares, movimentos sociais e demais parceiros da regi\u00e3o.<\/p>\n\n\n\n<figure class=\"wp-block-image size-full\"><img decoding=\"async\" loading=\"lazy\" width=\"1080\" height=\"1080\" src=\"https:\/\/www.ifbaiano.edu.br\/unidades\/valenca\/files\/2022\/11\/OBSUL-min.jpeg\" alt=\"\" class=\"wp-image-8478\" \/><\/figure>\n\n\n\n<p>Segundo a coordenadora do OBSUL, C\u00e9lia Pedrosa, &#8220;este momento ser\u00e1 importante para discutir o conjunto de an\u00e1lises e estudos transdisciplinares reunidos no primeiro livro, a partir de diferentes experi\u00eancias de pesquisa e investiga\u00e7\u00e3o na regi\u00e3o, e busca sistematizar reflex\u00f5es em torno das quest\u00f5es agr\u00e1ria, urbana, ambiental e cultural do Territ\u00f3rio do Baixo Sul&#8221;.<\/p>\n\n\n\n<p>O debate envolver\u00e1 temas emergentes como planejamento urbano, pol\u00edticas p\u00fablicas, economia regional, educa\u00e7\u00e3o, conflitos e disputas em torno da terra, do patrim\u00f4nio e dos bens naturais, reposicionando an\u00e1lises sobre os processos, disputas e contradi\u00e7\u00f5es das pol\u00edticas de (des)envolvimento, as estruturas de poder, os agentes, interesses e conflitos existentes, as trajet\u00f3rias, fatos e acontecimentos hist\u00f3ricos que marcaram a regi\u00e3o.<\/p>\n\n\n\n<p>No plano pol\u00edtico e acad\u00eamico, a discuss\u00e3o \u00e9 necess\u00e1ria para articular institui\u00e7\u00f5es de ensino e pesquisa da regi\u00e3o, aproximar pesquisadores independentes e criar espa\u00e7o de converg\u00eancia para difus\u00e3o, populariza\u00e7\u00e3o e produ\u00e7\u00e3o compartilhada de conhecimentos do\/sobre o Baixo Sul.<\/p>\n\n\n\n<p>Acesse <strong><a href=\"https:\/\/suap.ifbaiano.edu.br\/eventos\/inscricao_publica\/714\/\">AQUI<\/a> <\/strong>o site, confira a programa\u00e7\u00e3o e inscreva-se.<\/p>\n","protected":false},"excerpt":{"rendered":"<p>Campus Valen\u00e7a sedia a primeira edi\u00e7\u00e3o do evento, que ocorrer\u00e1 de 16 a 18 de novembro, e tem como tema &#8220;Territ\u00f3rio, Cultura e (Des)envolvimento no Baixo Sul da Bahia&#8221; O Observat\u00f3rio Socioterritorial do Baixo Sul da Bahia (OBSUL) promove o I Ciclo de Debates entre os dias 16, 17 e 18 de novembro de 2022, [&hellip;]<\/p>\n","protected":false},"author":146,"featured_media":8478,"comment_status":"open","ping_status":"open","sticky":false,"template":"","format":"standard","meta":[],"categories":[5,34,63],"tags":[246,245],"_links":{"self":[{"href":"https:\/\/www.ifbaiano.edu.br\/unidades\/valenca\/wp-json\/wp\/v2\/posts\/8475"}],"collection":[{"href":"https:\/\/www.ifbaiano.edu.br\/unidades\/valenca\/wp-json\/wp\/v2\/posts"}],"about":[{"href":"https:\/\/www.ifbaiano.edu.br\/unidades\/valenca\/wp-json\/wp\/v2\/types\/post"}],"author":[{"embeddable":true,"href":"https:\/\/www.ifbaiano.edu.br\/unidades\/valenca\/wp-json\/wp\/v2\/users\/146"}],"replies":[{"embeddable":true,"href":"https:\/\/www.ifbaiano.edu.br\/unidades\/valenca\/wp-json\/wp\/v2\/comments?post=8475"}],"version-history":[{"count":3,"href":"https:\/\/www.ifbaiano.edu.br\/unidades\/valenca\/wp-json\/wp\/v2\/posts\/8475\/revisions"}],"predecessor-version":[{"id":8482,"href":"https:\/\/www.ifbaiano.edu.br\/unidades\/valenca\/wp-json\/wp\/v2\/posts\/8475\/revisions\/8482"}],"wp:featuredmedia":[{"embeddable":true,"href":"https:\/\/www.ifbaiano.edu.br\/unidades\/valenca\/wp-json\/wp\/v2\/media\/8478"}],"wp:attachment":[{"href":"https:\/\/www.ifbaiano.edu.br\/unidades\/valenca\/wp-json\/wp\/v2\/media?parent=8475"}],"wp:term":[{"taxonomy":"category","embeddable":true,"href":"https:\/\/www.ifbaiano.edu.br\/unidades\/valenca\/wp-json\/wp\/v2\/categories?post=8475"},{"taxonomy":"post_tag","embeddable":true,"href":"https:\/\/www.ifbaiano.edu.br\/unidades\/valenca\/wp-json\/wp\/v2\/tags?post=8475"}],"curies":[{"name":"wp","href":"https:\/\/api.w.org\/{rel}","templated":true}]}}