{"id":8485,"date":"2022-11-14T16:20:22","date_gmt":"2022-11-14T19:20:22","guid":{"rendered":"https:\/\/www.ifbaiano.edu.br\/unidades\/valenca\/?p=8485"},"modified":"2022-11-21T18:22:10","modified_gmt":"2022-11-21T21:22:10","slug":"campus-valenca-realiza-estudo-de-demanda-para-a-implantacao-de-curso-de-graduacao","status":"publish","type":"post","link":"https:\/\/www.ifbaiano.edu.br\/unidades\/valenca\/2022\/11\/14\/campus-valenca-realiza-estudo-de-demanda-para-a-implantacao-de-curso-de-graduacao\/","title":{"rendered":"Campus Valen\u00e7a realiza Estudo de Demanda para a Implanta\u00e7\u00e3o de Curso de Gradua\u00e7\u00e3o em Letras Libras"},"content":{"rendered":"\n<p>A comunidade pode responder ao formul\u00e1rio de consulta p\u00fablica at\u00e9 dia 14 de dezembro<\/p>\n\n\n\n<p>A Comiss\u00e3o de Implanta\u00e7\u00e3o do Curso de Licenciatura em Letras com habilita\u00e7\u00e3o em Libras, L\u00edngua Portuguesa e suas Literaturas, institu\u00edda por meio da <a href=\"https:\/\/suap.ifbaiano.edu.br\/documento_eletronico\/exportar_pdfa\/349394\/carta\/\">PORTARIA 49\/2022 &#8211; VAL-GAB\/VAL-DG\/RET\/IFBAIANO, de 1 de agosto de 2022<\/a>, iniciou a consulta de opini\u00e3o p\u00fablica, dia 14, para avaliar a possibilidade de implanta\u00e7\u00e3o da Gradua\u00e7\u00e3o em Letras no Campus Valen\u00e7a. Estudantes, comunidade civil e empresariado podem acessar os formul\u00e1rios espec\u00edficos e opinar at\u00e9 dia 14 do pr\u00f3ximo m\u00eas.<br>O Instituto Federal de Educa\u00e7\u00e3o, Ci\u00eancia e Tecnologia Baiano (IF Baiano), Campus Valen\u00e7a, firma o compromisso de oferecer \u00e0 comunidade do Baixo Sul educa\u00e7\u00e3o de qualidade, p\u00fablica e gratuita em cursos de ensino m\u00e9dio e superior, com a\u00e7\u00f5es de ensino, pesquisa e extens\u00e3o. Com a oferta de um curso em Letras Libras, o IF Baiano visa assegurar o que est\u00e1 disposto na Pol\u00edtica de Diversidade e Inclus\u00e3o com a consagra\u00e7\u00e3o dos direitos fundamentais \u00e0 dignidade humana, da melhoria da qualidade educacional, da defesa dos direitos essenciais para o conv\u00edvio em sociedade e da garantia de direito \u00e0 igualdade de tratamento e de oportunidades.<\/p>\n\n\n\n<p>Para a Presidente da Comiss\u00e3o, professora Gabriela Belo, &#8220;respondendo os question\u00e1rios, cada um poder\u00e1 opinar sobre a relev\u00e2ncia da implanta\u00e7\u00e3o do Curso de Licenciatura em Letras com habilita\u00e7\u00e3o em Libras, L\u00edngua Portuguesa e suas Literaturas, no IF Baiano no Campus Valen\u00e7a ou, se desejar, indicar outro curso que seja do seu interesse&#8221;.<\/p>\n\n\n\n<p><strong>Como responder ao question\u00e1rio de consulta de opini\u00e3o p\u00fablica<\/strong><\/p>\n\n\n\n<p>O question\u00e1rio \u00e9 destinado apenas a pessoas acima de 16 anos e deve ser preenchido at\u00e9 dia 14 de dezembro de 2022.<\/p>\n\n\n\n<p>O formul\u00e1rio est\u00e1 organizado em tr\u00eas etapas. As duas primeiras partes s\u00e3o compostas por perguntas de m\u00faltipla escolha. Ao respond\u00ea-las, o(a) consultado(a) poder\u00e1 marcar apenas uma op\u00e7\u00e3o por pergunta. O prop\u00f3sito da comiss\u00e3o, ao elaborar as quest\u00f5es iniciais, \u00e9 conhecer um pouco sobre o perfil do participante e se h\u00e1 interesse da comunidade que o IF Baiano, Campus Valen\u00e7a, fa\u00e7a a oferta do Curso de Licenciatura em Letras com habilita\u00e7\u00e3o em Libras, L\u00edngua Portuguesa e suas Literaturas. A terceira, por sua vez, \u00e9 composta por uma pergunta aberta. Nela, h\u00e1 espa\u00e7o para sugest\u00f5es de cursos n\u00e3o contemplados nas perguntas anteriores, reclama\u00e7\u00f5es e cr\u00edticas sobre o processo de pesquisa de demanda de novos cursos para o IF Baiano, Campus Valen\u00e7a.<\/p>\n\n\n\n<p>Formul\u00e1rio para ESTUDANTE: <a href=\"https:\/\/docs.google.com\/forms\/d\/1vmXcVYIGf93ahwAEPaM4kyvknY6X8SM0m8C6zvYXlmA\/edit\">https:\/\/docs.google.com\/forms\/d\/1vmXcVYIGf93ahwAEPaM4kyvknY6X8SM0m8C6zvYXlmA\/edit<\/a><br>Formul\u00e1rio para COMUNIDADE CIVIL e EMPRESARIADO: <a href=\"https:\/\/docs.google.com\/forms\/d\/1DL306bTBiSXILoPLczohFpXi3GN0T3x1LCqpywkTQyU\/edit\">https:\/\/docs.google.com\/forms\/d\/1DL306bTBiSXILoPLczohFpXi3GN0T3x1LCqpywkTQyU\/edit<\/a><\/p>\n\n\n\n<p>A comiss\u00e3o disponibiliza tamb\u00e9m a vers\u00e3o dos question\u00e1rios em Libras. Para acess\u00e1-lo, \u00e9 s\u00f3 entrar em contato por e-mail: <a href=\"mailto:letraslibrasifbaiano@gmail.com\">letraslibrasifbaiano@gmail.com<\/a> para receb\u00ea-lo.<\/p>\n\n\n\n<p>Contribua para uma educa\u00e7\u00e3o p\u00fablica, gratuita e de qualidade.<\/p>\n","protected":false},"excerpt":{"rendered":"<p>A comunidade pode responder ao formul\u00e1rio de consulta p\u00fablica at\u00e9 dia 14 de dezembro A Comiss\u00e3o de Implanta\u00e7\u00e3o do Curso de Licenciatura em Letras com habilita\u00e7\u00e3o em Libras, L\u00edngua Portuguesa e suas Literaturas, institu\u00edda por meio da PORTARIA 49\/2022 &#8211; VAL-GAB\/VAL-DG\/RET\/IFBAIANO, de 1 de agosto de 2022, iniciou a consulta de opini\u00e3o p\u00fablica, dia 14, [&hellip;]<\/p>\n","protected":false},"author":146,"featured_media":8488,"comment_status":"open","ping_status":"open","sticky":false,"template":"","format":"standard","meta":[],"categories":[5,36,63],"tags":[71,249],"_links":{"self":[{"href":"https:\/\/www.ifbaiano.edu.br\/unidades\/valenca\/wp-json\/wp\/v2\/posts\/8485"}],"collection":[{"href":"https:\/\/www.ifbaiano.edu.br\/unidades\/valenca\/wp-json\/wp\/v2\/posts"}],"about":[{"href":"https:\/\/www.ifbaiano.edu.br\/unidades\/valenca\/wp-json\/wp\/v2\/types\/post"}],"author":[{"embeddable":true,"href":"https:\/\/www.ifbaiano.edu.br\/unidades\/valenca\/wp-json\/wp\/v2\/users\/146"}],"replies":[{"embeddable":true,"href":"https:\/\/www.ifbaiano.edu.br\/unidades\/valenca\/wp-json\/wp\/v2\/comments?post=8485"}],"version-history":[{"count":4,"href":"https:\/\/www.ifbaiano.edu.br\/unidades\/valenca\/wp-json\/wp\/v2\/posts\/8485\/revisions"}],"predecessor-version":[{"id":8512,"href":"https:\/\/www.ifbaiano.edu.br\/unidades\/valenca\/wp-json\/wp\/v2\/posts\/8485\/revisions\/8512"}],"wp:featuredmedia":[{"embeddable":true,"href":"https:\/\/www.ifbaiano.edu.br\/unidades\/valenca\/wp-json\/wp\/v2\/media\/8488"}],"wp:attachment":[{"href":"https:\/\/www.ifbaiano.edu.br\/unidades\/valenca\/wp-json\/wp\/v2\/media?parent=8485"}],"wp:term":[{"taxonomy":"category","embeddable":true,"href":"https:\/\/www.ifbaiano.edu.br\/unidades\/valenca\/wp-json\/wp\/v2\/categories?post=8485"},{"taxonomy":"post_tag","embeddable":true,"href":"https:\/\/www.ifbaiano.edu.br\/unidades\/valenca\/wp-json\/wp\/v2\/tags?post=8485"}],"curies":[{"name":"wp","href":"https:\/\/api.w.org\/{rel}","templated":true}]}}