{"id":8490,"date":"2022-11-14T16:01:25","date_gmt":"2022-11-14T19:01:25","guid":{"rendered":"https:\/\/www.ifbaiano.edu.br\/unidades\/valenca\/?p=8490"},"modified":"2022-12-02T13:08:21","modified_gmt":"2022-12-02T16:08:21","slug":"campus-valenca-abre-inscricoes-para-bolsas-de-monitoria","status":"publish","type":"post","link":"https:\/\/www.ifbaiano.edu.br\/unidades\/valenca\/2022\/11\/14\/campus-valenca-abre-inscricoes-para-bolsas-de-monitoria\/","title":{"rendered":"Campus Valen\u00e7a abre inscri\u00e7\u00f5es para bolsas de monitoria"},"content":{"rendered":"\n<p>As inscri\u00e7\u00f5es v\u00e3o at\u00e9 o dia 22 de novembro para preenchimento de 5 vagas<\/p>\n\n\n\n<p>O Instituto Federal de Educa\u00e7\u00e3o, Ci\u00eancia e Tecnologia Baiano, Campus Valen\u00e7a, por interm\u00e9dio do seu Diretor-Geral, Geovane Lima Guimar\u00e3es, torna p\u00fablica a abertura das inscri\u00e7\u00f5es do Processo Seletivo para Concess\u00e3o de Bolsas de Monitoria para os Cursos da Educa\u00e7\u00e3o Profissional T\u00e9cnica de N\u00edvel M\u00e9dio e de Gradua\u00e7\u00e3o. <\/p>\n\n\n\n<p>As inscri\u00e7\u00f5es dever\u00e3o ser realizadas no per\u00edodo de 18 a 22 de novembro, preferencialmente, por meio de correspond\u00eancia eletr\u00f4nica enviada ao endere\u00e7o <a href=\"mailto:cge@valenca.ifbaiano.edu.br\">cge@valenca.ifbaiano.edu.br<\/a> ou de forma presencial na Coordena\u00e7\u00e3o Geral de Ensino do campus.<\/p>\n\n\n\n<p>O Programa de Monitoria \u00e9 compreendido como uma atividade acad\u00eamica para a melhoria do ensino dos cursos t\u00e9cnicos de n\u00edvel m\u00e9dio e dos cursos de gradua\u00e7\u00e3o, atrav\u00e9s do estabelecimento de novas pr\u00e1ticas e experi\u00eancias educacionais, a articula\u00e7\u00e3o entre teoria e pr\u00e1tica, bem como a integra\u00e7\u00e3o curricular em seus diferentes aspectos.<\/p>\n\n\n\n<p>Para esclarecer d\u00favidas, basta entrar em contato pelo e-mail: <a href=\"mailto:cge@valenca.ifbaiano.edu.br\">cge@valenca.ifbaiano.edu.br<\/a>.<\/p>\n\n\n\n<p>Confira o&nbsp;<a href=\"https:\/\/www.ifbaiano.edu.br\/unidades\/valenca\/files\/2022\/11\/Edital-de-Monitoria.pdf\">edital<\/a> para mais informa\u00e7\u00f5es! <\/p>\n\n\n\n<div id=\"ProreitoriaTopoTitulo\">\n\t\t\t\t\tEditais e Documentos\n\t\t\t\t<\/div>\n\n\n\n<div class=\"wp-block-file\"><a href=\"https:\/\/www.ifbaiano.edu.br\/unidades\/valenca\/files\/2022\/11\/RESULTADO-FINAL-DA-SELECAO.pdf\">Resultado Final <\/a><\/div>\n\n\n\n<div class=\"wp-block-file\"><a href=\"https:\/\/www.ifbaiano.edu.br\/unidades\/valenca\/files\/2022\/11\/Resultado-Preliminar-de-Classificacao-Edital-no-19.pdf\">Resultado Preliminar de Classifica\u00e7\u00e3o<\/a><\/div>\n\n\n\n<div class=\"wp-block-file\"><a href=\"https:\/\/www.ifbaiano.edu.br\/unidades\/valenca\/files\/2022\/11\/Homologacao-das-Inscricoes-Selecao-de-Monitoria-2022.pdf\">Homologa\u00e7\u00e3o das Inscri\u00e7\u00f5es<\/a><\/div>\n\n\n\n<div class=\"wp-block-file\"><a href=\"https:\/\/www.ifbaiano.edu.br\/unidades\/valenca\/files\/2022\/11\/Edital-de-Monitoria.pdf\">Edital n\u00ba 19\/2022<\/a><\/div>\n","protected":false},"excerpt":{"rendered":"<p>As inscri\u00e7\u00f5es v\u00e3o at\u00e9 o dia 22 de novembro para preenchimento de 5 vagas O Instituto Federal de Educa\u00e7\u00e3o, Ci\u00eancia e Tecnologia Baiano, Campus Valen\u00e7a, por interm\u00e9dio do seu Diretor-Geral, Geovane Lima Guimar\u00e3es, torna p\u00fablica a abertura das inscri\u00e7\u00f5es do Processo Seletivo para Concess\u00e3o de Bolsas de Monitoria para os Cursos da Educa\u00e7\u00e3o Profissional T\u00e9cnica [&hellip;]<\/p>\n","protected":false},"author":146,"featured_media":8494,"comment_status":"open","ping_status":"open","sticky":false,"template":"","format":"standard","meta":[],"categories":[5,35,32,63],"tags":[71,248],"_links":{"self":[{"href":"https:\/\/www.ifbaiano.edu.br\/unidades\/valenca\/wp-json\/wp\/v2\/posts\/8490"}],"collection":[{"href":"https:\/\/www.ifbaiano.edu.br\/unidades\/valenca\/wp-json\/wp\/v2\/posts"}],"about":[{"href":"https:\/\/www.ifbaiano.edu.br\/unidades\/valenca\/wp-json\/wp\/v2\/types\/post"}],"author":[{"embeddable":true,"href":"https:\/\/www.ifbaiano.edu.br\/unidades\/valenca\/wp-json\/wp\/v2\/users\/146"}],"replies":[{"embeddable":true,"href":"https:\/\/www.ifbaiano.edu.br\/unidades\/valenca\/wp-json\/wp\/v2\/comments?post=8490"}],"version-history":[{"count":5,"href":"https:\/\/www.ifbaiano.edu.br\/unidades\/valenca\/wp-json\/wp\/v2\/posts\/8490\/revisions"}],"predecessor-version":[{"id":8559,"href":"https:\/\/www.ifbaiano.edu.br\/unidades\/valenca\/wp-json\/wp\/v2\/posts\/8490\/revisions\/8559"}],"wp:featuredmedia":[{"embeddable":true,"href":"https:\/\/www.ifbaiano.edu.br\/unidades\/valenca\/wp-json\/wp\/v2\/media\/8494"}],"wp:attachment":[{"href":"https:\/\/www.ifbaiano.edu.br\/unidades\/valenca\/wp-json\/wp\/v2\/media?parent=8490"}],"wp:term":[{"taxonomy":"category","embeddable":true,"href":"https:\/\/www.ifbaiano.edu.br\/unidades\/valenca\/wp-json\/wp\/v2\/categories?post=8490"},{"taxonomy":"post_tag","embeddable":true,"href":"https:\/\/www.ifbaiano.edu.br\/unidades\/valenca\/wp-json\/wp\/v2\/tags?post=8490"}],"curies":[{"name":"wp","href":"https:\/\/api.w.org\/{rel}","templated":true}]}}