{"id":8497,"date":"2022-11-16T14:55:57","date_gmt":"2022-11-16T17:55:57","guid":{"rendered":"https:\/\/www.ifbaiano.edu.br\/unidades\/valenca\/?p=8497"},"modified":"2022-11-16T16:44:01","modified_gmt":"2022-11-16T19:44:01","slug":"neabi-valenca-organiza-programacao-do-novembro-negro-com-o-viii-repensando-questoes-afro-brasileiras","status":"publish","type":"post","link":"https:\/\/www.ifbaiano.edu.br\/unidades\/valenca\/2022\/11\/16\/neabi-valenca-organiza-programacao-do-novembro-negro-com-o-viii-repensando-questoes-afro-brasileiras\/","title":{"rendered":"Neabi Valen\u00e7a organiza programa\u00e7\u00e3o do Novembro Negro com o VIII (Re)pensando Quest\u00f5es Afro-brasileiras"},"content":{"rendered":"\n<p>A\u00e7\u00f5es s\u00e3o realizadas em parceria com o Gr\u00eamio Estudantil at\u00e9 o fim do m\u00eas e as inscri\u00e7\u00f5es podem ser feitas no site do IF Baiano<\/p>\n\n\n\n<p>O NEABI &#8211; N\u00facleo de Estudos Afro-Brasileiros e Ind\u00edgenas &#8211; do IF Baiano, Campus Valen\u00e7a, promove o VIII (Re)pensando Quest\u00f5es Afro-brasileiras durante o m\u00eas de novembro. O evento possibilita espa\u00e7os de reflex\u00f5es acerca das tem\u00e1ticas da Identidade e Cultura afro-brasileiras e tem como finalidade dar continuidade aos estudos e di\u00e1logos do N\u00facleo desde sua implanta\u00e7\u00e3o no Campus, ampliando a reflex\u00e3o para as \u00e1reas de Linguagens e Humanas das turmas do Integrado, Subsequente e Gradua\u00e7\u00e3o, al\u00e9m de um di\u00e1logo mais profundo com os discentes da Especializa\u00e7\u00e3o Reafro (Curso de especializa\u00e7\u00e3o lato sensu em Rela\u00e7\u00f5es \u00e9tnico-raciais e Cultura Afro-brasileira).<\/p>\n\n\n\n<p>A Roda de Conversa sobre toler\u00e2ncia religiosa &#8220;Voc\u00ea respeita o meu ax\u00e9 e eu respeito o seu am\u00e9m&#8221;, com as estudantes dos cursos Integrados, \u00cdris Santos e Vanessa de Oliveira, inaugurou as a\u00e7\u00f5es do m\u00eas da Consci\u00eancia Negra no campus e motivou uma discuss\u00e3o sobre respeito \u00e0s religi\u00f5es de matrizes africanas. Hoje, dia 16, o professor Edivaldo Bolagi, artista, gestor e produtor cultural, continua esta conversa com a palestra &#8220;Religi\u00f5es de Matriz Afro-brasileira: universidade de pr\u00e1ticas de saberes&#8221;, \u00e0s 15h, no audit\u00f3rio do campus. \u00c0s 13h, os estudantes dos cursos integrados em Agropecu\u00e1ria e Agroecologia fazem uma exposi\u00e7\u00e3o da Cultura Afro, coordenado pela professora Nelma Barbosa.<\/p>\n\n\n\n<p>Para a coordenadora do Neabi, Scyla Pimenta: &#8220;esse \u00e9 um evento interdisciplinar e um amplo espa\u00e7o de reflex\u00f5es, debates e constru\u00e7\u00e3o de saberes sobre cultura, religiosidade e identidade afro-brasileira e ind\u00edgena.&#8221; Trata-se de um rico processo formativo que ultrapassa os limites da sala de aula e coloca a comunidade escolar em contato com os espa\u00e7os da sociedade.<\/p>\n\n\n\n<p>O VIII (Re)pensando Quest\u00f5es Afro-brasileiras e Ind\u00edgenas conta tamb\u00e9m com a\u00e7\u00f5es como rodas de conversa, exposi\u00e7\u00f5es fotogr\u00e1ficas, oficinas e cortejos Afro-baianos e desfiles.<\/p>\n\n\n\n<p>Acesse <a href=\"https:\/\/suap.ifbaiano.edu.br\/eventos\/inscricao_publica\/761\/\">aqui<\/a> o site, confira a programa\u00e7\u00e3o e fa\u00e7a a sua inscri\u00e7\u00e3o para receber o certificado.<\/p>\n","protected":false},"excerpt":{"rendered":"<p>A\u00e7\u00f5es s\u00e3o realizadas em parceria com o Gr\u00eamio Estudantil at\u00e9 o fim do m\u00eas e as inscri\u00e7\u00f5es podem ser feitas no site do IF Baiano O NEABI &#8211; N\u00facleo de Estudos Afro-Brasileiros e Ind\u00edgenas &#8211; do IF Baiano, Campus Valen\u00e7a, promove o VIII (Re)pensando Quest\u00f5es Afro-brasileiras durante o m\u00eas de novembro. O evento possibilita espa\u00e7os [&hellip;]<\/p>\n","protected":false},"author":146,"featured_media":8499,"comment_status":"open","ping_status":"open","sticky":false,"template":"","format":"standard","meta":[],"categories":[5,21,63],"tags":[71,250,251,252],"_links":{"self":[{"href":"https:\/\/www.ifbaiano.edu.br\/unidades\/valenca\/wp-json\/wp\/v2\/posts\/8497"}],"collection":[{"href":"https:\/\/www.ifbaiano.edu.br\/unidades\/valenca\/wp-json\/wp\/v2\/posts"}],"about":[{"href":"https:\/\/www.ifbaiano.edu.br\/unidades\/valenca\/wp-json\/wp\/v2\/types\/post"}],"author":[{"embeddable":true,"href":"https:\/\/www.ifbaiano.edu.br\/unidades\/valenca\/wp-json\/wp\/v2\/users\/146"}],"replies":[{"embeddable":true,"href":"https:\/\/www.ifbaiano.edu.br\/unidades\/valenca\/wp-json\/wp\/v2\/comments?post=8497"}],"version-history":[{"count":3,"href":"https:\/\/www.ifbaiano.edu.br\/unidades\/valenca\/wp-json\/wp\/v2\/posts\/8497\/revisions"}],"predecessor-version":[{"id":8504,"href":"https:\/\/www.ifbaiano.edu.br\/unidades\/valenca\/wp-json\/wp\/v2\/posts\/8497\/revisions\/8504"}],"wp:featuredmedia":[{"embeddable":true,"href":"https:\/\/www.ifbaiano.edu.br\/unidades\/valenca\/wp-json\/wp\/v2\/media\/8499"}],"wp:attachment":[{"href":"https:\/\/www.ifbaiano.edu.br\/unidades\/valenca\/wp-json\/wp\/v2\/media?parent=8497"}],"wp:term":[{"taxonomy":"category","embeddable":true,"href":"https:\/\/www.ifbaiano.edu.br\/unidades\/valenca\/wp-json\/wp\/v2\/categories?post=8497"},{"taxonomy":"post_tag","embeddable":true,"href":"https:\/\/www.ifbaiano.edu.br\/unidades\/valenca\/wp-json\/wp\/v2\/tags?post=8497"}],"curies":[{"name":"wp","href":"https:\/\/api.w.org\/{rel}","templated":true}]}}