{"id":8505,"date":"2022-11-17T08:58:39","date_gmt":"2022-11-17T11:58:39","guid":{"rendered":"https:\/\/www.ifbaiano.edu.br\/unidades\/valenca\/?p=8505"},"modified":"2022-11-17T08:58:40","modified_gmt":"2022-11-17T11:58:40","slug":"if-baiano-vai-ofertar-820-vagas-de-graduacao-no-sisu-2023","status":"publish","type":"post","link":"https:\/\/www.ifbaiano.edu.br\/unidades\/valenca\/2022\/11\/17\/if-baiano-vai-ofertar-820-vagas-de-graduacao-no-sisu-2023\/","title":{"rendered":"IF Baiano vai ofertar 820 vagas de gradua\u00e7\u00e3o no Sisu 2023"},"content":{"rendered":"\n<p><em>S\u00e3o 21 cursos de gradua\u00e7\u00e3o, distribu\u00eddos em nove campi: Itapetinga, Bom Jesus da Lapa, Catu, Guanambi, Santa In\u00eas, Senhor do Bonfim, Serrinha, Uru\u00e7uca e Valen\u00e7a.<\/em><\/p>\n\n\n\n<p>No \u00faltimo domingo, 13, mais de 2,4 milh\u00f5es de candidatos compareceram ao primeiro dia de provas do Exame Nacional do Ensino M\u00e9dio (Enem) para concorrer \u00e0s vagas ofertadas pelo Sistema de Sele\u00e7\u00e3o Unificada (Sisu). No Sisu 2023, o IF Baiano vai ofertar 820 vagas, em 21 cursos de gradua\u00e7\u00e3o, distribu\u00eddos em nove&nbsp;<em>campi<\/em>: Itapetinga, Bom Jesus da Lapa, Catu, Guanambi, Santa In\u00eas, Senhor do Bonfim, Serrinha, Uru\u00e7uca e Valen\u00e7a.<\/p>\n\n\n\n<p>Das 820 vagas, 370 s\u00e3o destinadas \u00e0 ampla concorr\u00eancia e 450 s\u00e3o destinadas a cotas sociais e para pessoas com defici\u00eancia. O&nbsp;<a href=\"https:\/\/concurso.ifbaiano.edu.br\/portal\/sisu2023-1\/\">termo de ades\u00e3o<\/a>&nbsp;detalha o quantitativo de vagas por curso.&nbsp;<\/p>\n\n\n\n<p>O Minist\u00e9rio da Educa\u00e7\u00e3o ainda n\u00e3o divulgou o cronograma completo do Sisu. Mas as inscri\u00e7\u00f5es para o Sisu 2023 ser\u00e3o realizadas em fevereiro de 2023, atrav\u00e9s exclusivamente do<a href=\"https:\/\/acessounico.mec.gov.br\/\">&nbsp;site oficial do processo seletivo do MEC.<\/a><\/p>\n\n\n\n<p>Para a aluna de Licenciatura em Qu\u00edmica do IF Baiano \u2013 Campus Catu, Ana Luisa, que tamb\u00e9m cursou o n\u00edvel m\u00e9dio na institui\u00e7\u00e3o, o IF Baiano \u00e9 um dos pilares que est\u00e1 ajudando a construir sua vida tanto no aspecto acad\u00eamico, quanto no pessoal. \u201cQuando eu ingressei no curso t\u00e9cnico, eu pude participar de muitas coisas que o IF Baiano proporciona para os seus estudantes e uma delas foi a pesquisa cient\u00edfica. Ela foi um divisor de \u00e1guas na minha vida, abriu muitas portas na minha trajet\u00f3ria acad\u00eamica\u201d, explica.<\/p>\n\n\n\n<p>Foi atrav\u00e9s da pesquisa que, ainda no ensino m\u00e9dio, Ana Lu\u00edza de Sousa, viajou para Barcelona para apresentar seu projeto em um evento cient\u00edfico internacional. Para ela, a oportunidade agregou muito valor em sua trajet\u00f3ria acad\u00eamica, reflete hoje na estudante de gradua\u00e7\u00e3o que ela \u00e9 e se refletir\u00e1 na sua atua\u00e7\u00e3o como futura docente. \u201cUma das coisas que mais me marcou no IF Baiano foi a diversidade, a pluralidade, que a institui\u00e7\u00e3o proporciona para a gente\u201d. afirma.<\/p>\n\n\n\n<p>Confira abaixo a lista de cursos por campus do IF Baiano ofertados no Sisu 2023:<\/p>\n\n\n\n<p><strong>Itapetinga<\/strong><\/p>\n\n\n\n<p>Sistemas de Informa\u00e7\u00e3o \u2013 40 vagas<\/p>\n\n\n\n<p><strong>Bom Jesus da Lapa<\/strong><\/p>\n\n\n\n<p>Gest\u00e3o da Tecnologia da Informa\u00e7\u00e3o \u2013 40 vagas<\/p>\n\n\n\n<p><strong>Catu<\/strong><\/p>\n\n\n\n<p>An\u00e1lise e Desenvolvimento de Sistemas \u2013 30 vagas<\/p>\n\n\n\n<p>Gastronomia \u2013 40 vagas<\/p>\n\n\n\n<p>Qu\u00edmica \u2013 40 vagas<\/p>\n\n\n\n<p><strong>Guanambi<\/strong><\/p>\n\n\n\n<p>Agroind\u00fastria \u2013 40 vagas<\/p>\n\n\n\n<p>Agronomia \u2013 40 vagas<\/p>\n\n\n\n<p>An\u00e1lise e Desenvolvimento de Sistemas \u2013 40 vagas<\/p>\n\n\n\n<p>Ci\u00eancias Biol\u00f3gicas \u2013 40 vagas<\/p>\n\n\n\n<p>Qu\u00edmica \u2013 40 vagas<\/p>\n\n\n\n<p><strong>Santa In\u00eas<\/strong><\/p>\n\n\n\n<p>Ci\u00eancias Biol\u00f3gicas \u2013 40 vagas<\/p>\n\n\n\n<p>Geografia \u2013 40 vagas<\/p>\n\n\n\n<p>Zootecnia \u2013 40 vagas<\/p>\n\n\n\n<p><strong>Senhor do Bonfim<\/strong><\/p>\n\n\n\n<p>Ci\u00eancias Agr\u00e1rias \u2013 40 vagas<\/p>\n\n\n\n<p>Ci\u00eancias da computa\u00e7\u00e3o \u2013 40 vagas<\/p>\n\n\n\n<p><strong>Serrinha<\/strong><\/p>\n\n\n\n<p>Ci\u00eancias Biol\u00f3gicas \u2013 40 vagas<\/p>\n\n\n\n<p>Gest\u00e3o de Cooperativas \u2013 40 vagas<\/p>\n\n\n\n<p><strong>Uru\u00e7uca<\/strong><\/p>\n\n\n\n<p>Agroecologia \u2013 30 vagas<\/p>\n\n\n\n<p>Engenharia de Alimentos \u2013 40 vagas<\/p>\n\n\n\n<p>Gest\u00e3o de turismo \u2013 40 vagas<\/p>\n\n\n\n<p><strong>Valen\u00e7a<\/strong><\/p>\n\n\n\n<p>Ci\u00eancias Biol\u00f3gicas \u2013 40 vagas<\/p>\n\n\n\n<hr class=\"wp-block-separator is-style-wide\" \/>\n\n\n\n<p>Mat\u00e9ria ASCOM dispon\u00edvel em: <em>https:\/\/ifbaiano.edu.br\/portal\/blog\/if-baiano-vai-ofertar-820-vagas-de-graduacao-no-sisu-2023\/<\/em><\/p>\n","protected":false},"excerpt":{"rendered":"<p>S\u00e3o 21 cursos de gradua\u00e7\u00e3o, distribu\u00eddos em nove campi: Itapetinga, Bom Jesus da Lapa, Catu, Guanambi, Santa In\u00eas, Senhor do Bonfim, Serrinha, Uru\u00e7uca e Valen\u00e7a. No \u00faltimo domingo, 13, mais de 2,4 milh\u00f5es de candidatos compareceram ao primeiro dia de provas do Exame Nacional do Ensino M\u00e9dio (Enem) para concorrer \u00e0s vagas ofertadas pelo Sistema [&hellip;]<\/p>\n","protected":false},"author":146,"featured_media":8506,"comment_status":"open","ping_status":"open","sticky":false,"template":"","format":"standard","meta":[],"categories":[60,12,5,63],"tags":[71,254,253],"_links":{"self":[{"href":"https:\/\/www.ifbaiano.edu.br\/unidades\/valenca\/wp-json\/wp\/v2\/posts\/8505"}],"collection":[{"href":"https:\/\/www.ifbaiano.edu.br\/unidades\/valenca\/wp-json\/wp\/v2\/posts"}],"about":[{"href":"https:\/\/www.ifbaiano.edu.br\/unidades\/valenca\/wp-json\/wp\/v2\/types\/post"}],"author":[{"embeddable":true,"href":"https:\/\/www.ifbaiano.edu.br\/unidades\/valenca\/wp-json\/wp\/v2\/users\/146"}],"replies":[{"embeddable":true,"href":"https:\/\/www.ifbaiano.edu.br\/unidades\/valenca\/wp-json\/wp\/v2\/comments?post=8505"}],"version-history":[{"count":1,"href":"https:\/\/www.ifbaiano.edu.br\/unidades\/valenca\/wp-json\/wp\/v2\/posts\/8505\/revisions"}],"predecessor-version":[{"id":8507,"href":"https:\/\/www.ifbaiano.edu.br\/unidades\/valenca\/wp-json\/wp\/v2\/posts\/8505\/revisions\/8507"}],"wp:featuredmedia":[{"embeddable":true,"href":"https:\/\/www.ifbaiano.edu.br\/unidades\/valenca\/wp-json\/wp\/v2\/media\/8506"}],"wp:attachment":[{"href":"https:\/\/www.ifbaiano.edu.br\/unidades\/valenca\/wp-json\/wp\/v2\/media?parent=8505"}],"wp:term":[{"taxonomy":"category","embeddable":true,"href":"https:\/\/www.ifbaiano.edu.br\/unidades\/valenca\/wp-json\/wp\/v2\/categories?post=8505"},{"taxonomy":"post_tag","embeddable":true,"href":"https:\/\/www.ifbaiano.edu.br\/unidades\/valenca\/wp-json\/wp\/v2\/tags?post=8505"}],"curies":[{"name":"wp","href":"https:\/\/api.w.org\/{rel}","templated":true}]}}