{"id":8525,"date":"2022-11-25T08:37:55","date_gmt":"2022-11-25T11:37:55","guid":{"rendered":"https:\/\/www.ifbaiano.edu.br\/unidades\/valenca\/?p=8525"},"modified":"2022-11-25T08:37:55","modified_gmt":"2022-11-25T11:37:55","slug":"direcao-academica-suspende-aulas-presenciais-nesta-sexta-feira-dia-25-para-conter-surto-de-covid-no-campus","status":"publish","type":"post","link":"https:\/\/www.ifbaiano.edu.br\/unidades\/valenca\/2022\/11\/25\/direcao-academica-suspende-aulas-presenciais-nesta-sexta-feira-dia-25-para-conter-surto-de-covid-no-campus\/","title":{"rendered":"Dire\u00e7\u00e3o Acad\u00eamica suspende aulas presenciais nesta sexta-feira, dia 25, para conter surto de Covid no campus"},"content":{"rendered":"\n<p>At\u00e9 o dia 03 de dezembro, as aulas ser\u00e3o ministradas remotamente por meio de plataformas virtuais<\/p>\n\n\n\n<p>Considerando o aumento do n\u00famero de casos confirmados de Covid-19 entre estudantes e servidores e a necessidade de preservar a sa\u00fade da comunidade, a Dire\u00e7\u00e3o Acad\u00eamica, juntamente com a Coordena\u00e7\u00e3o Geral de Ensino, as Coordena\u00e7\u00f5es de Curso e o Comit\u00ea Covid decidiram suspender as aulas presenciais no Campus Valen\u00e7a entre os dias 24 de novembro e 03 dezembro de 2022. Durante esse per\u00edodo, as aulas ocorrer\u00e3o remotamente em plataformas virtuais acordadas com os docentes de cada disciplina. Os estudantes que n\u00e3o tiverem acesso \u00e0 internet poder\u00e3o receber atividades impressas e\/ou videoaulas gravadas.<\/p>\n\n\n\n<p>O Comit\u00ea Covid orienta que os pais e\/ou respons\u00e1veis de estudantes que testarem positivo para Covid-19 comuniquem ao IF Baiano, para avaliar o cen\u00e1rio epidemiol\u00f3gico. Esta medida visa garantir a seguran\u00e7a dos estudantes, servidores e terceirizados e conter a dissemina\u00e7\u00e3o do v\u00edrus no campus Valen\u00e7a.<\/p>\n\n\n\n<div class=\"wp-block-file\"><a href=\"https:\/\/www.ifbaiano.edu.br\/unidades\/valenca\/files\/2022\/11\/OFICIO-187.2022-Suspensao-de-aulas-presenciais-no-Campus.pdf\"><strong>OFICIO 187\/2022 &#8211; VAL-CGE\/VAL-DDE\/VAL-DG\/RET\/IFBAIANO<\/strong><\/a><\/div>\n","protected":false},"excerpt":{"rendered":"<p>At\u00e9 o dia 03 de dezembro, as aulas ser\u00e3o ministradas remotamente por meio de plataformas virtuais Considerando o aumento do n\u00famero de casos confirmados de Covid-19 entre estudantes e servidores e a necessidade de preservar a sa\u00fade da comunidade, a Dire\u00e7\u00e3o Acad\u00eamica, juntamente com a Coordena\u00e7\u00e3o Geral de Ensino, as Coordena\u00e7\u00f5es de Curso e o [&hellip;]<\/p>\n","protected":false},"author":146,"featured_media":8527,"comment_status":"open","ping_status":"open","sticky":false,"template":"","format":"standard","meta":[],"categories":[4,5,63],"tags":[257,193],"_links":{"self":[{"href":"https:\/\/www.ifbaiano.edu.br\/unidades\/valenca\/wp-json\/wp\/v2\/posts\/8525"}],"collection":[{"href":"https:\/\/www.ifbaiano.edu.br\/unidades\/valenca\/wp-json\/wp\/v2\/posts"}],"about":[{"href":"https:\/\/www.ifbaiano.edu.br\/unidades\/valenca\/wp-json\/wp\/v2\/types\/post"}],"author":[{"embeddable":true,"href":"https:\/\/www.ifbaiano.edu.br\/unidades\/valenca\/wp-json\/wp\/v2\/users\/146"}],"replies":[{"embeddable":true,"href":"https:\/\/www.ifbaiano.edu.br\/unidades\/valenca\/wp-json\/wp\/v2\/comments?post=8525"}],"version-history":[{"count":1,"href":"https:\/\/www.ifbaiano.edu.br\/unidades\/valenca\/wp-json\/wp\/v2\/posts\/8525\/revisions"}],"predecessor-version":[{"id":8528,"href":"https:\/\/www.ifbaiano.edu.br\/unidades\/valenca\/wp-json\/wp\/v2\/posts\/8525\/revisions\/8528"}],"wp:featuredmedia":[{"embeddable":true,"href":"https:\/\/www.ifbaiano.edu.br\/unidades\/valenca\/wp-json\/wp\/v2\/media\/8527"}],"wp:attachment":[{"href":"https:\/\/www.ifbaiano.edu.br\/unidades\/valenca\/wp-json\/wp\/v2\/media?parent=8525"}],"wp:term":[{"taxonomy":"category","embeddable":true,"href":"https:\/\/www.ifbaiano.edu.br\/unidades\/valenca\/wp-json\/wp\/v2\/categories?post=8525"},{"taxonomy":"post_tag","embeddable":true,"href":"https:\/\/www.ifbaiano.edu.br\/unidades\/valenca\/wp-json\/wp\/v2\/tags?post=8525"}],"curies":[{"name":"wp","href":"https:\/\/api.w.org\/{rel}","templated":true}]}}