{"id":854,"date":"2011-10-21T12:28:32","date_gmt":"2011-10-21T12:28:32","guid":{"rendered":"http:\/\/www.ifbaiano.edu.br\/unidades\/valenca\/?p=854"},"modified":"2011-10-21T14:26:40","modified_gmt":"2011-10-21T14:26:40","slug":"ministerio-das-comunicacoes-lanca-chamada-publica-inclusao-digital-para-a-juventude-rural","status":"publish","type":"post","link":"https:\/\/www.ifbaiano.edu.br\/unidades\/valenca\/2011\/10\/21\/ministerio-das-comunicacoes-lanca-chamada-publica-inclusao-digital-para-a-juventude-rural\/","title":{"rendered":"Minist\u00e9rio das Comunica\u00e7\u00f5es lan\u00e7a Chamada P\u00fablica &#8211; Inclus\u00e3o Digital para a Juventude Rural"},"content":{"rendered":"<p>A Secretaria de Inclus\u00e3o Digital do Minist\u00e9rio das Comunica\u00e7\u00f5es \u2013 SID\/MC \u2013 publicou no dia 11\/10 um edital (http:\/\/www.mc.gov.br\/chamada-publica) de apoio a a\u00e7\u00f5es de extens\u00e3o universit\u00e1ria, tanto para Universidades Federais quanto para os IFES, destinadas \u00e0 Educa\u00e7\u00e3o do Campo.<\/p>\n<p>\u00a0A chamada p\u00fablica tem por objetivo selecionar projetos de inclus\u00e3o digital que ocorram preferencialmente em assentamentos da reforma agr\u00e1ria e em comunidades tradicionais, tais como as remanescentes de quilombos e ribeirinhas. A SID\/MC desenvolver\u00e1 esse Projeto em conjunto com a Secretaria Nacional de Juventude da Presid\u00eancia da Rep\u00fablica.<\/p>\n","protected":false},"excerpt":{"rendered":"<p>A Secretaria de Inclus\u00e3o Digital do Minist\u00e9rio das Comunica\u00e7\u00f5es \u2013 SID\/MC \u2013 publicou no dia 11\/10 um edital (http:\/\/www.mc.gov.br\/chamada-publica) de apoio a a\u00e7\u00f5es de extens\u00e3o universit\u00e1ria, tanto para Universidades Federais quanto para os IFES, destinadas \u00e0 Educa\u00e7\u00e3o do Campo. \u00a0A chamada p\u00fablica tem por objetivo selecionar projetos de inclus\u00e3o digital que ocorram preferencialmente em assentamentos [&hellip;]<\/p>\n","protected":false},"author":6,"featured_media":0,"comment_status":"open","ping_status":"open","sticky":false,"template":"","format":"standard","meta":[],"categories":[33],"tags":[59],"_links":{"self":[{"href":"https:\/\/www.ifbaiano.edu.br\/unidades\/valenca\/wp-json\/wp\/v2\/posts\/854"}],"collection":[{"href":"https:\/\/www.ifbaiano.edu.br\/unidades\/valenca\/wp-json\/wp\/v2\/posts"}],"about":[{"href":"https:\/\/www.ifbaiano.edu.br\/unidades\/valenca\/wp-json\/wp\/v2\/types\/post"}],"author":[{"embeddable":true,"href":"https:\/\/www.ifbaiano.edu.br\/unidades\/valenca\/wp-json\/wp\/v2\/users\/6"}],"replies":[{"embeddable":true,"href":"https:\/\/www.ifbaiano.edu.br\/unidades\/valenca\/wp-json\/wp\/v2\/comments?post=854"}],"version-history":[{"count":3,"href":"https:\/\/www.ifbaiano.edu.br\/unidades\/valenca\/wp-json\/wp\/v2\/posts\/854\/revisions"}],"predecessor-version":[{"id":856,"href":"https:\/\/www.ifbaiano.edu.br\/unidades\/valenca\/wp-json\/wp\/v2\/posts\/854\/revisions\/856"}],"wp:attachment":[{"href":"https:\/\/www.ifbaiano.edu.br\/unidades\/valenca\/wp-json\/wp\/v2\/media?parent=854"}],"wp:term":[{"taxonomy":"category","embeddable":true,"href":"https:\/\/www.ifbaiano.edu.br\/unidades\/valenca\/wp-json\/wp\/v2\/categories?post=854"},{"taxonomy":"post_tag","embeddable":true,"href":"https:\/\/www.ifbaiano.edu.br\/unidades\/valenca\/wp-json\/wp\/v2\/tags?post=854"}],"curies":[{"name":"wp","href":"https:\/\/api.w.org\/{rel}","templated":true}]}}