{"id":857,"date":"2011-10-19T22:58:13","date_gmt":"2011-10-19T22:58:13","guid":{"rendered":"http:\/\/www.ifbaiano.edu.br\/unidades\/valenca\/?p=857"},"modified":"2011-10-19T22:58:13","modified_gmt":"2011-10-19T22:58:13","slug":"reuniao-do-colegio-de-dirigentes-dias-20-e-21-de-outubro","status":"publish","type":"post","link":"https:\/\/www.ifbaiano.edu.br\/unidades\/valenca\/2011\/10\/19\/reuniao-do-colegio-de-dirigentes-dias-20-e-21-de-outubro\/","title":{"rendered":"Reuni\u00e3o do Col\u00e9gio de Dirigentes dias 20 e 21 de outubro"},"content":{"rendered":"<p>O Col\u00e9gio de Dirigentes estar\u00e1 reunido nos dias 20 e 21 de outubro.<\/p>\n<p>Confira <a href=\"http:\/\/www.ifbaiano.edu.br\/unidades\/valenca\/files\/2011\/10\/PAUTA-DA-REUNI\u00c3O-DO-COL\u00c9GIO-DE-DIRIGENTES.pdf\">Pauta da reuni\u00e3o <\/a><\/p>\n","protected":false},"excerpt":{"rendered":"<p>O Col\u00e9gio de Dirigentes estar\u00e1 reunido nos dias 20 e 21 de outubro. Confira Pauta da reuni\u00e3o<\/p>\n","protected":false},"author":6,"featured_media":0,"comment_status":"open","ping_status":"open","sticky":false,"template":"","format":"standard","meta":[],"categories":[7],"tags":[],"_links":{"self":[{"href":"https:\/\/www.ifbaiano.edu.br\/unidades\/valenca\/wp-json\/wp\/v2\/posts\/857"}],"collection":[{"href":"https:\/\/www.ifbaiano.edu.br\/unidades\/valenca\/wp-json\/wp\/v2\/posts"}],"about":[{"href":"https:\/\/www.ifbaiano.edu.br\/unidades\/valenca\/wp-json\/wp\/v2\/types\/post"}],"author":[{"embeddable":true,"href":"https:\/\/www.ifbaiano.edu.br\/unidades\/valenca\/wp-json\/wp\/v2\/users\/6"}],"replies":[{"embeddable":true,"href":"https:\/\/www.ifbaiano.edu.br\/unidades\/valenca\/wp-json\/wp\/v2\/comments?post=857"}],"version-history":[{"count":1,"href":"https:\/\/www.ifbaiano.edu.br\/unidades\/valenca\/wp-json\/wp\/v2\/posts\/857\/revisions"}],"predecessor-version":[{"id":859,"href":"https:\/\/www.ifbaiano.edu.br\/unidades\/valenca\/wp-json\/wp\/v2\/posts\/857\/revisions\/859"}],"wp:attachment":[{"href":"https:\/\/www.ifbaiano.edu.br\/unidades\/valenca\/wp-json\/wp\/v2\/media?parent=857"}],"wp:term":[{"taxonomy":"category","embeddable":true,"href":"https:\/\/www.ifbaiano.edu.br\/unidades\/valenca\/wp-json\/wp\/v2\/categories?post=857"},{"taxonomy":"post_tag","embeddable":true,"href":"https:\/\/www.ifbaiano.edu.br\/unidades\/valenca\/wp-json\/wp\/v2\/tags?post=857"}],"curies":[{"name":"wp","href":"https:\/\/api.w.org\/{rel}","templated":true}]}}