{"id":8590,"date":"2022-12-16T09:57:20","date_gmt":"2022-12-16T12:57:20","guid":{"rendered":"https:\/\/www.ifbaiano.edu.br\/unidades\/valenca\/?p=8590"},"modified":"2023-01-20T08:56:46","modified_gmt":"2023-01-20T11:56:46","slug":"edital-de-inscricao-para-adesao-ao-programa-de-gestao-do-teletrabalho-fluxo-continuo","status":"publish","type":"post","link":"https:\/\/www.ifbaiano.edu.br\/unidades\/valenca\/2022\/12\/16\/edital-de-inscricao-para-adesao-ao-programa-de-gestao-do-teletrabalho-fluxo-continuo\/","title":{"rendered":"Edital de inscri\u00e7\u00e3o para ades\u00e3o ao Programa de Gest\u00e3o do Teletrabalho &#8211; Fluxo Cont\u00ednuo"},"content":{"rendered":"\n<p>O diretor do Instituto Federal de Educa\u00e7\u00e3o, Ci\u00eancia e Tecnologia Baiano \u2013 C<em>ampus <\/em>Valen\u00e7a, no uso das suas atribui\u00e7\u00f5es legais, conferidas pela Portaria n\u00ba 286, de 18\/03\/2022, publicada no Di\u00e1rio Oficial da Uni\u00e3o de 21\/03\/2022, e de acordo com as disposi\u00e7\u00f5es contidas na Lei n\u00ba 11.892, de 29\/12\/2008, e na Lei n\u00ba 8.112\/1990 e, tendo em vista a Resolu\u00e7\u00e3o CONSUP 182\/2022 &#8211; OS-CONSUP\/IF BAIANO, de 1\u00ba de fevereiro de 2022, que aprova o Programa de Gest\u00e3o do Teletrabalho no \u00e2mbito do IF Baiano, em especial na modalidade teletrabalho, no \u00e2mbito do IF Baiano, Resolu\u00e7\u00e3o 225\/2022 &#8211; OS-CONSUP\/IFBAIANO, de 3 de agosto de 2022, que aprova a altera\u00e7\u00e3o do Programa de Gest\u00e3o do Teletrabalho, e conforme disposi\u00e7\u00f5es contidas na Portaria 02\/2022\/RET-SCS\/RET-GA, de 18 de fevereiro de 2022 e Nota T\u00e9cnica SEI 32923\/2021\/ME, torna p\u00fablica o EDITAL PARA ADES\u00c3O AO PROGRAMA DE GEST\u00c3O DO TELETRABALHO \u2013 FLUXO CONT\u00cdNUO &#8211; REGIME DE EXECU\u00c7\u00c3O PARCIAL para os servidores lotados no Campus Valen\u00e7a.<\/p>\n\n\n\n<p>Confira o&nbsp;<a href=\"https:\/\/www.ifbaiano.edu.br\/unidades\/valenca\/files\/2022\/12\/Edital-No-20-Teletrabalho-Fluxo-Continuo-Modalidade-Parcial.pdf\">edital<\/a> para mais informa\u00e7\u00f5es!<\/p>\n\n\n\n<div id=\"ProreitoriaTopoTitulo\">\n\t\t\t\t\tEditais e Documentos\n\t\t\t\t<\/div>\n\n\n\n<div class=\"wp-block-file\"><a href=\"https:\/\/www.ifbaiano.edu.br\/unidades\/valenca\/files\/2022\/12\/Resultado-Final-do-Programa-de-Gestao-do-Teletrabalho-Fluxo-Continuo.pdf\">Resultado Final<\/a><\/div>\n\n\n\n<div class=\"wp-block-file\"><a href=\"https:\/\/www.ifbaiano.edu.br\/unidades\/valenca\/files\/2022\/12\/Resultado-Preliminar-Edital-Teletrabalho-Fluxo-Continuo.pdf\">Resultado Preliminar<\/a><\/div>\n\n\n\n<div class=\"wp-block-file\"><a href=\"https:\/\/www.ifbaiano.edu.br\/unidades\/valenca\/files\/2022\/12\/Edital-No-20-Teletrabalho-Fluxo-Continuo-Modalidade-Parcial.pdf\">Edital n\u00ba 20, de 16 de dezembro de 2022<\/a><\/div>\n","protected":false},"excerpt":{"rendered":"<p>O diretor do Instituto Federal de Educa\u00e7\u00e3o, Ci\u00eancia e Tecnologia Baiano \u2013 Campus Valen\u00e7a, no uso das suas atribui\u00e7\u00f5es legais, conferidas pela Portaria n\u00ba 286, de 18\/03\/2022, publicada no Di\u00e1rio Oficial da Uni\u00e3o de 21\/03\/2022, e de acordo com as disposi\u00e7\u00f5es contidas na Lei n\u00ba 11.892, de 29\/12\/2008, e na Lei n\u00ba 8.112\/1990 e, tendo [&hellip;]<\/p>\n","protected":false},"author":146,"featured_media":7928,"comment_status":"open","ping_status":"open","sticky":false,"template":"","format":"standard","meta":[],"categories":[5,35,63],"tags":[209,210],"_links":{"self":[{"href":"https:\/\/www.ifbaiano.edu.br\/unidades\/valenca\/wp-json\/wp\/v2\/posts\/8590"}],"collection":[{"href":"https:\/\/www.ifbaiano.edu.br\/unidades\/valenca\/wp-json\/wp\/v2\/posts"}],"about":[{"href":"https:\/\/www.ifbaiano.edu.br\/unidades\/valenca\/wp-json\/wp\/v2\/types\/post"}],"author":[{"embeddable":true,"href":"https:\/\/www.ifbaiano.edu.br\/unidades\/valenca\/wp-json\/wp\/v2\/users\/146"}],"replies":[{"embeddable":true,"href":"https:\/\/www.ifbaiano.edu.br\/unidades\/valenca\/wp-json\/wp\/v2\/comments?post=8590"}],"version-history":[{"count":7,"href":"https:\/\/www.ifbaiano.edu.br\/unidades\/valenca\/wp-json\/wp\/v2\/posts\/8590\/revisions"}],"predecessor-version":[{"id":8657,"href":"https:\/\/www.ifbaiano.edu.br\/unidades\/valenca\/wp-json\/wp\/v2\/posts\/8590\/revisions\/8657"}],"wp:featuredmedia":[{"embeddable":true,"href":"https:\/\/www.ifbaiano.edu.br\/unidades\/valenca\/wp-json\/wp\/v2\/media\/7928"}],"wp:attachment":[{"href":"https:\/\/www.ifbaiano.edu.br\/unidades\/valenca\/wp-json\/wp\/v2\/media?parent=8590"}],"wp:term":[{"taxonomy":"category","embeddable":true,"href":"https:\/\/www.ifbaiano.edu.br\/unidades\/valenca\/wp-json\/wp\/v2\/categories?post=8590"},{"taxonomy":"post_tag","embeddable":true,"href":"https:\/\/www.ifbaiano.edu.br\/unidades\/valenca\/wp-json\/wp\/v2\/tags?post=8590"}],"curies":[{"name":"wp","href":"https:\/\/api.w.org\/{rel}","templated":true}]}}