{"id":860,"date":"2011-10-21T12:27:07","date_gmt":"2011-10-21T12:27:07","guid":{"rendered":"http:\/\/www.ifbaiano.edu.br\/unidades\/valenca\/?p=860"},"modified":"2011-10-21T14:26:09","modified_gmt":"2011-10-21T14:26:09","slug":"senado-aprova-criacao-de-programa-de-qualificacao-profissional","status":"publish","type":"post","link":"https:\/\/www.ifbaiano.edu.br\/unidades\/valenca\/2011\/10\/21\/senado-aprova-criacao-de-programa-de-qualificacao-profissional\/","title":{"rendered":"Senado aprova cria\u00e7\u00e3o de programa de qualifica\u00e7\u00e3o profissional"},"content":{"rendered":"<p>O Programa Nacional de Acesso ao Ensino T\u00e9cnico e Emprego (Pronatec), que oferecer\u00e1 bolsas de estudo e financiamento para cursos de qualifica\u00e7\u00e3o profissional, teve sua cria\u00e7\u00e3o aprovada na \u00faltima ter\u00e7a-feira (18\/10) no Senado.<\/p>\n<p>O texto do projeto de lei, que tramitou primeiro na C\u00e2mara dos Deputados, foi aprovado sem altera\u00e7\u00e3o pelos senadores e seguir\u00e1 para a san\u00e7\u00e3o presidencial.<\/p>\n<p>Para ser implementado, o Pronatec usar\u00e1 recursos do Fundo de Financiamento ao Estudante de Ensino Superior (Fies). A verba ser\u00e1 direcionada prioritariamente para quem n\u00e3o tem condi\u00e7\u00f5es de pagar pelo ensino t\u00e9cnico e profissionalizante, como estudantes da rede p\u00fablica ou bolsistas integrais de escolas particulares de ensino m\u00e9dio. Tamb\u00e9m devem ser atendidos trabalhadores beneficiados por programas de transfer\u00eancia de renda.<\/p>\n<p>A divis\u00e3o dos recursos do programa tamb\u00e9m dever\u00e1 ser feita de acordo com os estados que t\u00eam mais necessidade. As regi\u00f5es Norte e Nordeste devem ser priorizadas. As bolsas ser\u00e3o de forma\u00e7\u00e3o t\u00e9cnica para estudantes ou de qualifica\u00e7\u00e3o profissional para trabalhadores que j\u00e1 est\u00e3o fora do sistema de ensino. Institui\u00e7\u00f5es sem fins lucrativos ou filantr\u00f3picas e as que comp\u00f5em o Sistema S estar\u00e3o aptas a receber os bolsistas do programa.<\/p>\n<p><strong><br \/>\n<\/strong><strong>Fonte:<\/strong> Ag\u00eancia Brasil<\/p>\n","protected":false},"excerpt":{"rendered":"<p>O Programa Nacional de Acesso ao Ensino T\u00e9cnico e Emprego (Pronatec), que oferecer\u00e1 bolsas de estudo e financiamento para cursos de qualifica\u00e7\u00e3o profissional, teve sua cria\u00e7\u00e3o aprovada na \u00faltima ter\u00e7a-feira (18\/10) no Senado. O texto do projeto de lei, que tramitou primeiro na C\u00e2mara dos Deputados, foi aprovado sem altera\u00e7\u00e3o pelos senadores e seguir\u00e1 para [&hellip;]<\/p>\n","protected":false},"author":6,"featured_media":0,"comment_status":"open","ping_status":"open","sticky":false,"template":"","format":"standard","meta":[],"categories":[4],"tags":[],"_links":{"self":[{"href":"https:\/\/www.ifbaiano.edu.br\/unidades\/valenca\/wp-json\/wp\/v2\/posts\/860"}],"collection":[{"href":"https:\/\/www.ifbaiano.edu.br\/unidades\/valenca\/wp-json\/wp\/v2\/posts"}],"about":[{"href":"https:\/\/www.ifbaiano.edu.br\/unidades\/valenca\/wp-json\/wp\/v2\/types\/post"}],"author":[{"embeddable":true,"href":"https:\/\/www.ifbaiano.edu.br\/unidades\/valenca\/wp-json\/wp\/v2\/users\/6"}],"replies":[{"embeddable":true,"href":"https:\/\/www.ifbaiano.edu.br\/unidades\/valenca\/wp-json\/wp\/v2\/comments?post=860"}],"version-history":[{"count":3,"href":"https:\/\/www.ifbaiano.edu.br\/unidades\/valenca\/wp-json\/wp\/v2\/posts\/860\/revisions"}],"predecessor-version":[{"id":862,"href":"https:\/\/www.ifbaiano.edu.br\/unidades\/valenca\/wp-json\/wp\/v2\/posts\/860\/revisions\/862"}],"wp:attachment":[{"href":"https:\/\/www.ifbaiano.edu.br\/unidades\/valenca\/wp-json\/wp\/v2\/media?parent=860"}],"wp:term":[{"taxonomy":"category","embeddable":true,"href":"https:\/\/www.ifbaiano.edu.br\/unidades\/valenca\/wp-json\/wp\/v2\/categories?post=860"},{"taxonomy":"post_tag","embeddable":true,"href":"https:\/\/www.ifbaiano.edu.br\/unidades\/valenca\/wp-json\/wp\/v2\/tags?post=860"}],"curies":[{"name":"wp","href":"https:\/\/api.w.org\/{rel}","templated":true}]}}