{"id":8601,"date":"2022-12-16T17:27:18","date_gmt":"2022-12-16T20:27:18","guid":{"rendered":"https:\/\/www.ifbaiano.edu.br\/unidades\/valenca\/?p=8601"},"modified":"2023-03-24T09:05:25","modified_gmt":"2023-03-24T12:05:25","slug":"aberta-selecao-com-120-vagas-em-cursos-tecnicos-ead","status":"publish","type":"post","link":"https:\/\/www.ifbaiano.edu.br\/unidades\/valenca\/2022\/12\/16\/aberta-selecao-com-120-vagas-em-cursos-tecnicos-ead\/","title":{"rendered":"Aberta sele\u00e7\u00e3o com 120 vagas em cursos t\u00e9cnicos EaD"},"content":{"rendered":"\n<p><em>Os cursos T\u00e9cnicos de N\u00edvel M\u00e9dio, na forma Subsequente, modalidade EaD s\u00e3o destinados aos(\u00e0s) candidatos(as) que est\u00e3o concluindo ou j\u00e1 conclu\u00edram o Ensino M\u00e9dio (3\u00ba ano).<\/em><\/p>\n\n\n\n<p>O Instituto Federal de Educa\u00e7\u00e3o, Ci\u00eancia e Tecnologia Baiano &#8211; Campus Valen\u00e7a ofertar\u00e1 120 vagas em dois cursos t\u00e9cnicos na modalidade Educa\u00e7\u00e3o a Dist\u00e2ncia (EaD) em 2023.<\/p>\n\n\n\n<p>As oportunidades s\u00e3o para os cursos de Secretaria Escolar e Vendas \u2013 na forma subsequente, destinadas&nbsp; a candidatos(as) que j\u00e1 conclu\u00edram ou est\u00e3o concluindo o Ensino M\u00e9dio (3\u00ba ano).<\/p>\n\n\n\n<p>Elas est\u00e3o distribu\u00eddas nos polos das cidades de Valen\u00e7a (80) e Nazar\u00e9 (40). Em Valen\u00e7a ser\u00e3o abertas turmas para T\u00e9cnico em Secretaria Escolar e T\u00e9cnico em Vendas. J\u00e1 em Nazar\u00e9 ser\u00e1 ofertado apenas T\u00e9cnico em Vendas.<\/p>\n\n\n\n<p>O processo seletivo visa preencher turmas para o ano letivo de 2023.\u00a0As inscri\u00e7\u00f5es ser\u00e3o abertas na pr\u00f3xima quinta (22) e ficar\u00e3o dispon\u00edveis at\u00e9 10 de fevereiro de 2023. O link de inscri\u00e7\u00e3o ficar\u00e1 dispon\u00edvel na <a href=\"https:\/\/concurso.ifbaiano.edu.br\/portal\/ingresso-subsequente-ead-valenca-dezembro-2022\/\">p\u00e1gina do certame<\/a>. N\u00e3o h\u00e1 cobran\u00e7a de taxa.<\/p>\n\n\n\n<p>No ato da inscri\u00e7\u00e3o ser\u00e1 necess\u00e1rio informar o CPF, identidade e Hist\u00f3rico Escolar (ou boletim\/ou declara\u00e7\u00e3o) do Ensino M\u00e9dio comprovando ter conclu\u00eddo ou est\u00e1 cursando o 3\u00ba ano do Ensino M\u00e9dio. Em caso de candidato menor de 18 anos, tamb\u00e9m \u00e9 necess\u00e1rio apresentar o CPF e o documento de identifica\u00e7\u00e3o do respons\u00e1vel legal.<\/p>\n\n\n\n<p class=\"has-normal-font-size\"><strong>Acesse a <a href=\"https:\/\/concurso.ifbaiano.edu.br\/portal\/ingresso-subsequente-ead-valenca-dezembro-2022\/\">p\u00e1gina do processo seletivo<\/a> para mais informa\u00e7\u00f5es.<\/strong><\/p>\n","protected":false},"excerpt":{"rendered":"<p>Os cursos T\u00e9cnicos de N\u00edvel M\u00e9dio, na forma Subsequente, modalidade EaD s\u00e3o destinados aos(\u00e0s) candidatos(as) que est\u00e3o concluindo ou j\u00e1 conclu\u00edram o Ensino M\u00e9dio (3\u00ba ano). O Instituto Federal de Educa\u00e7\u00e3o, Ci\u00eancia e Tecnologia Baiano &#8211; Campus Valen\u00e7a ofertar\u00e1 120 vagas em dois cursos t\u00e9cnicos na modalidade Educa\u00e7\u00e3o a Dist\u00e2ncia (EaD) em 2023. As oportunidades [&hellip;]<\/p>\n","protected":false},"author":146,"featured_media":8602,"comment_status":"open","ping_status":"open","sticky":false,"template":"","format":"standard","meta":[],"categories":[60,13,5,44,9,32,63],"tags":[145,259,260],"_links":{"self":[{"href":"https:\/\/www.ifbaiano.edu.br\/unidades\/valenca\/wp-json\/wp\/v2\/posts\/8601"}],"collection":[{"href":"https:\/\/www.ifbaiano.edu.br\/unidades\/valenca\/wp-json\/wp\/v2\/posts"}],"about":[{"href":"https:\/\/www.ifbaiano.edu.br\/unidades\/valenca\/wp-json\/wp\/v2\/types\/post"}],"author":[{"embeddable":true,"href":"https:\/\/www.ifbaiano.edu.br\/unidades\/valenca\/wp-json\/wp\/v2\/users\/146"}],"replies":[{"embeddable":true,"href":"https:\/\/www.ifbaiano.edu.br\/unidades\/valenca\/wp-json\/wp\/v2\/comments?post=8601"}],"version-history":[{"count":8,"href":"https:\/\/www.ifbaiano.edu.br\/unidades\/valenca\/wp-json\/wp\/v2\/posts\/8601\/revisions"}],"predecessor-version":[{"id":8742,"href":"https:\/\/www.ifbaiano.edu.br\/unidades\/valenca\/wp-json\/wp\/v2\/posts\/8601\/revisions\/8742"}],"wp:featuredmedia":[{"embeddable":true,"href":"https:\/\/www.ifbaiano.edu.br\/unidades\/valenca\/wp-json\/wp\/v2\/media\/8602"}],"wp:attachment":[{"href":"https:\/\/www.ifbaiano.edu.br\/unidades\/valenca\/wp-json\/wp\/v2\/media?parent=8601"}],"wp:term":[{"taxonomy":"category","embeddable":true,"href":"https:\/\/www.ifbaiano.edu.br\/unidades\/valenca\/wp-json\/wp\/v2\/categories?post=8601"},{"taxonomy":"post_tag","embeddable":true,"href":"https:\/\/www.ifbaiano.edu.br\/unidades\/valenca\/wp-json\/wp\/v2\/tags?post=8601"}],"curies":[{"name":"wp","href":"https:\/\/api.w.org\/{rel}","templated":true}]}}