{"id":8610,"date":"2022-12-16T18:00:01","date_gmt":"2022-12-16T21:00:01","guid":{"rendered":"https:\/\/www.ifbaiano.edu.br\/unidades\/valenca\/?p=8610"},"modified":"2022-12-16T18:08:29","modified_gmt":"2022-12-16T21:08:29","slug":"campus-valenca-lanca-edital-com-oferta-de-65-vagas-em-cursos-tecnicos-na-forma-subsequente-ao-ensino-medio","status":"publish","type":"post","link":"https:\/\/www.ifbaiano.edu.br\/unidades\/valenca\/2022\/12\/16\/campus-valenca-lanca-edital-com-oferta-de-65-vagas-em-cursos-tecnicos-na-forma-subsequente-ao-ensino-medio\/","title":{"rendered":"Campus Valen\u00e7a lan\u00e7a edital com oferta de 65 vagas em cursos t\u00e9cnicos, na forma Subsequente ao Ensino M\u00e9dio"},"content":{"rendered":"\n<p><em><em>As inscri\u00e7\u00f5es iniciam no dia 22 de dezembro<\/em><\/em><\/p>\n\n\n\n<p>O&nbsp;<em>Campus&nbsp;<\/em>Valen\u00e7a do Instituto Federal Baiano (IF Baiano) estar\u00e1 com inscri\u00e7\u00f5es abertas, de 22 de dezembro a 10 de fevereiro de 2023, para cursos t\u00e9cnicos gratuitos da modalidade subsequente ao ensino m\u00e9dio. S\u00e3o 65 vagas dispon\u00edveis para os cursos t\u00e9cnicos em Agropecu\u00e1ria (35 vagas) e em Meio Ambiente (30 vagas), ambos em regime presencial.&nbsp;<\/p>\n\n\n\n<p>Os cursos subsequentes do IF Baiano s\u00e3o destinados a candidatos(as) que est\u00e3o concluindo ou j\u00e1 conclu\u00edram o Ensino M\u00e9dio (3\u00ba ano).<\/p>\n\n\n\n<p>A sele\u00e7\u00e3o \u00e9 gratuita e ter\u00e1 car\u00e1cter classificat\u00f3rio e eliminat\u00f3rio realizado mediante apresenta\u00e7\u00e3o\/preenchimento de Formul\u00e1rio de Inscri\u00e7\u00e3o e de manifesta\u00e7\u00e3o de interesse, de acordo com exig\u00eancias do <a href=\"https:\/\/concurso.ifbaiano.edu.br\/portal\/ingresso-subsequente-valenca-dezembro-2022\/wp-content\/uploads\/sites\/723\/2022\/12\/Edital-Susequente-2022.2-Valenca-Edital-22-de-16-de-dezembro-de-2022.pdf\">Edital 22\/2022<\/a>. Para concorrer \u00e0s vagas, os interessados devem comparecer ao campus, durante o per\u00edodo de inscri\u00e7\u00e3o. <\/p>\n\n\n\n<p><strong>Para mais informa\u00e7\u00f5es, acesse a <a href=\"https:\/\/concurso.ifbaiano.edu.br\/portal\/ingresso-subsequente-valenca-dezembro-2022\/\">pagina da sele\u00e7\u00e3o<\/a>.<\/strong><\/p>\n","protected":false},"excerpt":{"rendered":"<p>As inscri\u00e7\u00f5es iniciam no dia 22 de dezembro O&nbsp;Campus&nbsp;Valen\u00e7a do Instituto Federal Baiano (IF Baiano) estar\u00e1 com inscri\u00e7\u00f5es abertas, de 22 de dezembro a 10 de fevereiro de 2023, para cursos t\u00e9cnicos gratuitos da modalidade subsequente ao ensino m\u00e9dio. S\u00e3o 65 vagas dispon\u00edveis para os cursos t\u00e9cnicos em Agropecu\u00e1ria (35 vagas) e em Meio Ambiente [&hellip;]<\/p>\n","protected":false},"author":146,"featured_media":8611,"comment_status":"open","ping_status":"open","sticky":false,"template":"","format":"standard","meta":[],"categories":[13,5,35,61,9,32,63],"tags":[182,72],"_links":{"self":[{"href":"https:\/\/www.ifbaiano.edu.br\/unidades\/valenca\/wp-json\/wp\/v2\/posts\/8610"}],"collection":[{"href":"https:\/\/www.ifbaiano.edu.br\/unidades\/valenca\/wp-json\/wp\/v2\/posts"}],"about":[{"href":"https:\/\/www.ifbaiano.edu.br\/unidades\/valenca\/wp-json\/wp\/v2\/types\/post"}],"author":[{"embeddable":true,"href":"https:\/\/www.ifbaiano.edu.br\/unidades\/valenca\/wp-json\/wp\/v2\/users\/146"}],"replies":[{"embeddable":true,"href":"https:\/\/www.ifbaiano.edu.br\/unidades\/valenca\/wp-json\/wp\/v2\/comments?post=8610"}],"version-history":[{"count":7,"href":"https:\/\/www.ifbaiano.edu.br\/unidades\/valenca\/wp-json\/wp\/v2\/posts\/8610\/revisions"}],"predecessor-version":[{"id":8618,"href":"https:\/\/www.ifbaiano.edu.br\/unidades\/valenca\/wp-json\/wp\/v2\/posts\/8610\/revisions\/8618"}],"wp:featuredmedia":[{"embeddable":true,"href":"https:\/\/www.ifbaiano.edu.br\/unidades\/valenca\/wp-json\/wp\/v2\/media\/8611"}],"wp:attachment":[{"href":"https:\/\/www.ifbaiano.edu.br\/unidades\/valenca\/wp-json\/wp\/v2\/media?parent=8610"}],"wp:term":[{"taxonomy":"category","embeddable":true,"href":"https:\/\/www.ifbaiano.edu.br\/unidades\/valenca\/wp-json\/wp\/v2\/categories?post=8610"},{"taxonomy":"post_tag","embeddable":true,"href":"https:\/\/www.ifbaiano.edu.br\/unidades\/valenca\/wp-json\/wp\/v2\/tags?post=8610"}],"curies":[{"name":"wp","href":"https:\/\/api.w.org\/{rel}","templated":true}]}}