{"id":8619,"date":"2022-12-17T20:01:44","date_gmt":"2022-12-17T23:01:44","guid":{"rendered":"https:\/\/www.ifbaiano.edu.br\/unidades\/valenca\/?p=8619"},"modified":"2022-12-17T20:01:45","modified_gmt":"2022-12-17T23:01:45","slug":"libras-no-campus","status":"publish","type":"post","link":"https:\/\/www.ifbaiano.edu.br\/unidades\/valenca\/2022\/12\/17\/libras-no-campus\/","title":{"rendered":"Libras no Campus"},"content":{"rendered":"\n<p>&#8220;Quem ensina, aprende ao ensinar&#8221; &#8211; PAULO FREIRE<\/p>\n\n\n\n<p>Na ter\u00e7a, 22\/11\/22, aconteceu a culmin\u00e2ncia do Curso B\u00e1sico Libras no IF Baiano &#8211; Campus Valen\u00e7a.<\/p>\n\n\n\n<p>O curso nasceu do mapeamento do N\u00facleo de Atendimento a Pessoas com Necessidades Especiais \u2013 NAPNE do Campus Valen\u00e7a, sobre necessidade da discuss\u00e3o sobre a inclus\u00e3o de pessoas com surdez nos mais diferentes espa\u00e7os, considerando a Libras como direito lingu\u00edstico da comunidade surda, mas que pode ser aprendida por qualquer pessoa interessada em se comunicar com o sujeito surdo.<\/p>\n\n\n\n<p>Um dos diferenciais do curso foi apresentar a Libras em situa\u00e7\u00f5es dial\u00f3gicas com did\u00e1tica fundamentalmente focada no visual, al\u00e9m de promover a Cultura Surda e proporcionar reflex\u00f5es e discuss\u00f5es envolvendo os aspectos relacionados a Libras.<\/p>\n\n\n\n<p>Assim, o curso conscientizou os estudantes sobre a import\u00e2ncia de aprender LIBRAS e a necessidade da inclus\u00e3o desses sujeitos na sociedade atual, bem como o papel que cada cidad\u00e3o deve exercer para que a pr\u00e1tica da inclus\u00e3o aconte\u00e7a. Nesse sentido, visando atender a demanda local e regional \u00e9 que aconteceu o curso de L\u00edngua Brasileira de Sinais (Libras) no IF Baiano \u2013 Campus Valen\u00e7a.<\/p>\n\n\n\n<p>Foi um momento de comemora\u00e7\u00f5es, homenagens e muita emo\u00e7\u00e3o.<br>Parab\u00e9ns a todos os envolvidos!<\/p>\n","protected":false},"excerpt":{"rendered":"<p>&#8220;Quem ensina, aprende ao ensinar&#8221; &#8211; PAULO FREIRE Na ter\u00e7a, 22\/11\/22, aconteceu a culmin\u00e2ncia do Curso B\u00e1sico Libras no IF Baiano &#8211; Campus Valen\u00e7a. O curso nasceu do mapeamento do N\u00facleo de Atendimento a Pessoas com Necessidades Especiais \u2013 NAPNE do Campus Valen\u00e7a, sobre necessidade da discuss\u00e3o sobre a inclus\u00e3o de pessoas com surdez nos [&hellip;]<\/p>\n","protected":false},"author":144,"featured_media":0,"comment_status":"open","ping_status":"open","sticky":false,"template":"","format":"standard","meta":[],"categories":[63],"tags":[],"_links":{"self":[{"href":"https:\/\/www.ifbaiano.edu.br\/unidades\/valenca\/wp-json\/wp\/v2\/posts\/8619"}],"collection":[{"href":"https:\/\/www.ifbaiano.edu.br\/unidades\/valenca\/wp-json\/wp\/v2\/posts"}],"about":[{"href":"https:\/\/www.ifbaiano.edu.br\/unidades\/valenca\/wp-json\/wp\/v2\/types\/post"}],"author":[{"embeddable":true,"href":"https:\/\/www.ifbaiano.edu.br\/unidades\/valenca\/wp-json\/wp\/v2\/users\/144"}],"replies":[{"embeddable":true,"href":"https:\/\/www.ifbaiano.edu.br\/unidades\/valenca\/wp-json\/wp\/v2\/comments?post=8619"}],"version-history":[{"count":1,"href":"https:\/\/www.ifbaiano.edu.br\/unidades\/valenca\/wp-json\/wp\/v2\/posts\/8619\/revisions"}],"predecessor-version":[{"id":8620,"href":"https:\/\/www.ifbaiano.edu.br\/unidades\/valenca\/wp-json\/wp\/v2\/posts\/8619\/revisions\/8620"}],"wp:attachment":[{"href":"https:\/\/www.ifbaiano.edu.br\/unidades\/valenca\/wp-json\/wp\/v2\/media?parent=8619"}],"wp:term":[{"taxonomy":"category","embeddable":true,"href":"https:\/\/www.ifbaiano.edu.br\/unidades\/valenca\/wp-json\/wp\/v2\/categories?post=8619"},{"taxonomy":"post_tag","embeddable":true,"href":"https:\/\/www.ifbaiano.edu.br\/unidades\/valenca\/wp-json\/wp\/v2\/tags?post=8619"}],"curies":[{"name":"wp","href":"https:\/\/api.w.org\/{rel}","templated":true}]}}