{"id":8621,"date":"2022-12-21T20:16:12","date_gmt":"2022-12-21T23:16:12","guid":{"rendered":"https:\/\/www.ifbaiano.edu.br\/unidades\/valenca\/?p=8621"},"modified":"2022-12-21T20:54:23","modified_gmt":"2022-12-21T23:54:23","slug":"publicado-edital-de-matricula-prosel-2023","status":"publish","type":"post","link":"https:\/\/www.ifbaiano.edu.br\/unidades\/valenca\/2022\/12\/21\/publicado-edital-de-matricula-prosel-2023\/","title":{"rendered":"Publicado Edital de Matr\u00edcula &#8211; Prosel 2023"},"content":{"rendered":"\n<p>O Diretor-Geral do Instituto Federal de Educa\u00e7\u00e3o, Ci\u00eancia e Tecnologia Baiano, Campus Valen\u00e7a, nomeado sob Portaria N\u00ba 286, de 18\/03\/2022, no D.O.U. de 21\/03\/2022, de acordo com as disposi\u00e7\u00f5es da legisla\u00e7\u00e3o em vigor FAZ SABER, atrav\u00e9s deste <a href=\"https:\/\/www.ifbaiano.edu.br\/unidades\/valenca\/files\/2022\/12\/EDITAL-No-22-DE-21-DE-DEZEMBRO-DE-2022.pdf\">Edital<\/a>, as condi\u00e7\u00f5es de matr\u00edcula dos(as) candidatos(as) APROVADOS(AS), para os Cursos: T\u00e9cnico em Agropecu\u00e1ria Integrado ao Ensino M\u00e9dio, e T\u00e9cnico em Agroecologia Integrado ao Ensino M\u00e9dio na Modalidade Presencial, decorrente do Processo Seletivo para Ingresso de Estudantes 2023, conforme EDITAL N\u00ba 18, DE 27 DE SETEMBRO DE 2022, para o Campus Valen\u00e7a, seguindo a normatiza\u00e7\u00e3o e cronograma indicados abaixo.<\/p>\n\n\n\n<p><strong>Confira todos os detalhes no edital abaixo: <\/strong><\/p>\n\n\n\n<div class=\"wp-block-file\"><a href=\"https:\/\/www.ifbaiano.edu.br\/unidades\/valenca\/files\/2022\/12\/EDITAL-No-22-DE-21-DE-DEZEMBRO-DE-2022.pdf\">Edital n\u00ba 22, de 21 de dezembro de 2022<\/a><\/div>\n\n\n\n<p><\/p>\n","protected":false},"excerpt":{"rendered":"<p>O Diretor-Geral do Instituto Federal de Educa\u00e7\u00e3o, Ci\u00eancia e Tecnologia Baiano, Campus Valen\u00e7a, nomeado sob Portaria N\u00ba 286, de 18\/03\/2022, no D.O.U. de 21\/03\/2022, de acordo com as disposi\u00e7\u00f5es da legisla\u00e7\u00e3o em vigor FAZ SABER, atrav\u00e9s deste Edital, as condi\u00e7\u00f5es de matr\u00edcula dos(as) candidatos(as) APROVADOS(AS), para os Cursos: T\u00e9cnico em Agropecu\u00e1ria Integrado ao Ensino M\u00e9dio, [&hellip;]<\/p>\n","protected":false},"author":146,"featured_media":8506,"comment_status":"open","ping_status":"open","sticky":false,"template":"","format":"standard","meta":[],"categories":[13,5,35,63],"tags":[71,261,80],"_links":{"self":[{"href":"https:\/\/www.ifbaiano.edu.br\/unidades\/valenca\/wp-json\/wp\/v2\/posts\/8621"}],"collection":[{"href":"https:\/\/www.ifbaiano.edu.br\/unidades\/valenca\/wp-json\/wp\/v2\/posts"}],"about":[{"href":"https:\/\/www.ifbaiano.edu.br\/unidades\/valenca\/wp-json\/wp\/v2\/types\/post"}],"author":[{"embeddable":true,"href":"https:\/\/www.ifbaiano.edu.br\/unidades\/valenca\/wp-json\/wp\/v2\/users\/146"}],"replies":[{"embeddable":true,"href":"https:\/\/www.ifbaiano.edu.br\/unidades\/valenca\/wp-json\/wp\/v2\/comments?post=8621"}],"version-history":[{"count":4,"href":"https:\/\/www.ifbaiano.edu.br\/unidades\/valenca\/wp-json\/wp\/v2\/posts\/8621\/revisions"}],"predecessor-version":[{"id":8626,"href":"https:\/\/www.ifbaiano.edu.br\/unidades\/valenca\/wp-json\/wp\/v2\/posts\/8621\/revisions\/8626"}],"wp:featuredmedia":[{"embeddable":true,"href":"https:\/\/www.ifbaiano.edu.br\/unidades\/valenca\/wp-json\/wp\/v2\/media\/8506"}],"wp:attachment":[{"href":"https:\/\/www.ifbaiano.edu.br\/unidades\/valenca\/wp-json\/wp\/v2\/media?parent=8621"}],"wp:term":[{"taxonomy":"category","embeddable":true,"href":"https:\/\/www.ifbaiano.edu.br\/unidades\/valenca\/wp-json\/wp\/v2\/categories?post=8621"},{"taxonomy":"post_tag","embeddable":true,"href":"https:\/\/www.ifbaiano.edu.br\/unidades\/valenca\/wp-json\/wp\/v2\/tags?post=8621"}],"curies":[{"name":"wp","href":"https:\/\/api.w.org\/{rel}","templated":true}]}}