{"id":863,"date":"2011-10-21T14:21:01","date_gmt":"2011-10-21T14:21:01","guid":{"rendered":"http:\/\/www.ifbaiano.edu.br\/unidades\/valenca\/?p=863"},"modified":"2011-10-21T15:47:50","modified_gmt":"2011-10-21T15:47:50","slug":"if-baiano-lanca-processo-seletivo-para-2012-e-o-campus-valenca-oferecera-280-vagas","status":"publish","type":"post","link":"https:\/\/www.ifbaiano.edu.br\/unidades\/valenca\/2011\/10\/21\/if-baiano-lanca-processo-seletivo-para-2012-e-o-campus-valenca-oferecera-280-vagas\/","title":{"rendered":"IF Baiano lan\u00e7a processo Seletivo para 2012 e o Campus Valen\u00e7a oferecer\u00e1 280 vagas"},"content":{"rendered":"<p>\u00a0Estar\u00e3o abertas no <strong>per\u00edodo de<\/strong>\u00a0 <strong>27 de outubro a 20 de novembro <\/strong>as inscri\u00e7\u00f5es para o processo seletivo 2012 para os cursos T\u00e9cnicos do Instituto Federal de Educa\u00e7\u00e3o, Ci\u00eancia e Tecnologia Baiano. A taxa de inscri\u00e7\u00e3o \u00e9 de R$ 10,00 (dez reais), por\u00e9m, de acordo com normas do edital, os candidatos poder\u00e3o pedir <strong>isen\u00e7\u00e3o dessa taxa entre os dias 27 de outubro a 04 de novembro. <\/strong>As inscri\u00e7\u00f5es ser\u00e3o realizadas exclusivamente pelo site <strong><em>concursos.ifbaiano.edu.br.<\/em><\/strong><\/p>\n<p>A data da <strong>prova est\u00e1 prevista para o dia 18 de dezembro de 2011<\/strong> e as cidades de aplica\u00e7\u00e3o ser\u00e3o de Valen\u00e7a e Ituber\u00e1.<\/p>\n<p>Neste ano, o IF Baiano oferece um total de 2.615 vagas em cursos t\u00e9cnicos integrados ou subsequentes ao Ensino M\u00e9dio, distribu\u00eddas entre seus 10 <em>campi, <\/em>sendo 45%\u00a0dessas vagas\u00a0 destinadas a estudantes oriundos de escolas p\u00fablicas e 5% a pessoas com necessidades educacionais espec\u00edficas, visando \u00e0 implanta\u00e7\u00e3o de pol\u00edticas afirmativas.<\/p>\n<p>O Campus Valen\u00e7a oferece 280 vagas distribu\u00eddas entre os <strong>cursos integrados de Agropecu\u00e1ria e Agroecologia<\/strong> (direcionados a alunos que est\u00e3o concluindo ou conclu\u00edram o Ensino Fundamental) &#8211; que\u00a0 funciona em tempo integral; e entre os <strong>cursos subsequentes de Agropecu\u00e1ria e Meio Ambiente<\/strong> (para os alunos que est\u00e3o concluindo ou conclu\u00edram o Ensino\u00a0 M\u00e9dio), sendo destinado 70 (setenta) vagas para cada um desses cursos.<\/p>\n<p><a href=\"http:\/\/www.ifbaiano.edu.br\/unidades\/valenca\/files\/2011\/10\/processo-seletivo-avatar-300x225.jpg\"><img decoding=\"async\" loading=\"lazy\" class=\"alignright size-full wp-image-864\" src=\"http:\/\/www.ifbaiano.edu.br\/unidades\/valenca\/files\/2011\/10\/processo-seletivo-avatar-300x225.jpg\" alt=\"\" width=\"300\" height=\"225\" \/><\/a><\/p>\n<p>O IF Baiano disp\u00f5e ainda de um programa de apoio \u00e0 perman\u00eancia, inclus\u00e3o social e assist\u00eancia estudantil para estudantes em situa\u00e7\u00e3o de vulnerabilidade socioecon\u00f4mica, que oferece aux\u00edlio moradia, transporte, material escolar, uniforme e alimenta\u00e7\u00e3o.<\/p>\n<p>Confira o edital e inscreva-se no site: <strong>concursos.ifbaiano.edu.br<\/strong><\/p>\n<p>O Instituto Federal de Educa\u00e7\u00e3o, Ci\u00eancia e Tecnologia Baiano engloba as antigas Escolas Agrot\u00e9cnicas Federais da Bahia e as Escolas M\u00e9dias de Agropecu\u00e1ria Regional da CEPLAC (EMARCs). Sua miss\u00e3o \u00e9 oferecer educa\u00e7\u00e3o profissional de qualidade, p\u00fablica e gratuita, em todos os n\u00edveis e modalidades, preparando pessoas para o pleno exerc\u00edcio da cidadania, contribuindo para o desenvolvimento social e econ\u00f4mico do pa\u00eds, atrav\u00e9s de a\u00e7\u00f5es de ensino, pesquisa e extens\u00e3o.<\/p>\n<p>O <em>Campus<\/em> Valen\u00e7a (antiga EMARC) est\u00e1 localizado na Rua Glic\u00e9rio Tavares, bairro Bate Quente. Telefone para contato: (75)36413511<\/p>\n<p>&nbsp;<\/p>\n","protected":false},"excerpt":{"rendered":"<p>\u00a0Estar\u00e3o abertas no per\u00edodo de\u00a0 27 de outubro a 20 de novembro as inscri\u00e7\u00f5es para o processo seletivo 2012 para os cursos T\u00e9cnicos do Instituto Federal de Educa\u00e7\u00e3o, Ci\u00eancia e Tecnologia Baiano. A taxa de inscri\u00e7\u00e3o \u00e9 de R$ 10,00 (dez reais), por\u00e9m, de acordo com normas do edital, os candidatos poder\u00e3o pedir isen\u00e7\u00e3o dessa [&hellip;]<\/p>\n","protected":false},"author":6,"featured_media":0,"comment_status":"open","ping_status":"open","sticky":false,"template":"","format":"standard","meta":[],"categories":[5,9],"tags":[],"_links":{"self":[{"href":"https:\/\/www.ifbaiano.edu.br\/unidades\/valenca\/wp-json\/wp\/v2\/posts\/863"}],"collection":[{"href":"https:\/\/www.ifbaiano.edu.br\/unidades\/valenca\/wp-json\/wp\/v2\/posts"}],"about":[{"href":"https:\/\/www.ifbaiano.edu.br\/unidades\/valenca\/wp-json\/wp\/v2\/types\/post"}],"author":[{"embeddable":true,"href":"https:\/\/www.ifbaiano.edu.br\/unidades\/valenca\/wp-json\/wp\/v2\/users\/6"}],"replies":[{"embeddable":true,"href":"https:\/\/www.ifbaiano.edu.br\/unidades\/valenca\/wp-json\/wp\/v2\/comments?post=863"}],"version-history":[{"count":6,"href":"https:\/\/www.ifbaiano.edu.br\/unidades\/valenca\/wp-json\/wp\/v2\/posts\/863\/revisions"}],"predecessor-version":[{"id":872,"href":"https:\/\/www.ifbaiano.edu.br\/unidades\/valenca\/wp-json\/wp\/v2\/posts\/863\/revisions\/872"}],"wp:attachment":[{"href":"https:\/\/www.ifbaiano.edu.br\/unidades\/valenca\/wp-json\/wp\/v2\/media?parent=863"}],"wp:term":[{"taxonomy":"category","embeddable":true,"href":"https:\/\/www.ifbaiano.edu.br\/unidades\/valenca\/wp-json\/wp\/v2\/categories?post=863"},{"taxonomy":"post_tag","embeddable":true,"href":"https:\/\/www.ifbaiano.edu.br\/unidades\/valenca\/wp-json\/wp\/v2\/tags?post=863"}],"curies":[{"name":"wp","href":"https:\/\/api.w.org\/{rel}","templated":true}]}}