{"id":8635,"date":"2023-01-09T16:44:14","date_gmt":"2023-01-09T19:44:14","guid":{"rendered":"https:\/\/www.ifbaiano.edu.br\/unidades\/valenca\/?p=8635"},"modified":"2023-01-09T16:44:14","modified_gmt":"2023-01-09T19:44:14","slug":"if-baiano-repudia-acao-terrorista-em-brasilia-df","status":"publish","type":"post","link":"https:\/\/www.ifbaiano.edu.br\/unidades\/valenca\/2023\/01\/09\/if-baiano-repudia-acao-terrorista-em-brasilia-df\/","title":{"rendered":"IF Baiano repudia a\u00e7\u00e3o terrorista em Bras\u00edlia-DF"},"content":{"rendered":"\n<p>O Instituto Federal de Educa\u00e7\u00e3o, Ci\u00eancia e Tecnologia Baiano vem a p\u00fablico se manifestar em defesa da democracia e dos poderes legalmente constitu\u00eddos e repudiar, de forma veemente, os atos de terrorismo praticados, nesse domingo, 08 de janeiro, contra os edif\u00edcios-sede do Congresso Nacional, Pal\u00e1cio do Planalto, Supremo Tribunal Federal (STF) e todo o povo brasileiro. Inconformados com o resultado das elei\u00e7\u00f5es, os autodenominados \u201ccidad\u00e3os de bem\u201d depredaram e arruinaram o patrim\u00f4nio p\u00fablico, trazendo preju\u00edzos or\u00e7ament\u00e1rios, culturais, pol\u00edtico-geogr\u00e1ficos e hist\u00f3ricos \u00e0 nossa sociedade.<\/p>\n\n\n\n<p>O Brasil acompanhou horrorizado as cenas brutais, t\u00edpicas de barb\u00e1ries, orquestradas e operacionalizadas por golpistas que querem de todas as formas destruir a nossa democracia e instalar uma esp\u00e9cie de governo voltado aos seus interesses particulares. \u00c9 fundamental que os fatos sejam esclarecidos e os respons\u00e1veis \u2013 v\u00e2ndalos e tamb\u00e9m os facilitadores dos atos, identificados e responsabilizados, nos termos da lei.<\/p>\n\n\n\n<p>O Instituto Federal de Educa\u00e7\u00e3o, Ci\u00eancia e Tecnologia Baiano refor\u00e7a o seu compromisso com a democracia &nbsp;e endossa a nota oficial emitida pelo Conselho Nacional das Institui\u00e7\u00f5es da Rede Federal de Educa\u00e7\u00e3o Profissional, Cient\u00edfica e Tecnol\u00f3gica (Conif).<\/p>\n\n\n\n<p><a rel=\"noreferrer noopener\" href=\"https:\/\/ifbaiano.edu.br\/portal\/wp-content\/uploads\/2023\/01\/nota_democracia-para-sempre.pdf\" target=\"_blank\">Nota Conif<\/a><\/p>\n\n\n\n<hr class=\"wp-block-separator is-style-wide\" \/>\n\n\n\n<p>Mat\u00e9ria ASCOM dispon\u00edvel em: <em>https:\/\/ifbaiano.edu.br\/portal\/blog\/if-baiano-repudia-acao-terrorista-em-brasilia-df\/<\/em><\/p>\n","protected":false},"excerpt":{"rendered":"<p>O Instituto Federal de Educa\u00e7\u00e3o, Ci\u00eancia e Tecnologia Baiano vem a p\u00fablico se manifestar em defesa da democracia e dos poderes legalmente constitu\u00eddos e repudiar, de forma veemente, os atos de terrorismo praticados, nesse domingo, 08 de janeiro, contra os edif\u00edcios-sede do Congresso Nacional, Pal\u00e1cio do Planalto, Supremo Tribunal Federal (STF) e todo o povo [&hellip;]<\/p>\n","protected":false},"author":146,"featured_media":8636,"comment_status":"open","ping_status":"open","sticky":false,"template":"","format":"standard","meta":[],"categories":[5,63],"tags":[],"_links":{"self":[{"href":"https:\/\/www.ifbaiano.edu.br\/unidades\/valenca\/wp-json\/wp\/v2\/posts\/8635"}],"collection":[{"href":"https:\/\/www.ifbaiano.edu.br\/unidades\/valenca\/wp-json\/wp\/v2\/posts"}],"about":[{"href":"https:\/\/www.ifbaiano.edu.br\/unidades\/valenca\/wp-json\/wp\/v2\/types\/post"}],"author":[{"embeddable":true,"href":"https:\/\/www.ifbaiano.edu.br\/unidades\/valenca\/wp-json\/wp\/v2\/users\/146"}],"replies":[{"embeddable":true,"href":"https:\/\/www.ifbaiano.edu.br\/unidades\/valenca\/wp-json\/wp\/v2\/comments?post=8635"}],"version-history":[{"count":1,"href":"https:\/\/www.ifbaiano.edu.br\/unidades\/valenca\/wp-json\/wp\/v2\/posts\/8635\/revisions"}],"predecessor-version":[{"id":8637,"href":"https:\/\/www.ifbaiano.edu.br\/unidades\/valenca\/wp-json\/wp\/v2\/posts\/8635\/revisions\/8637"}],"wp:featuredmedia":[{"embeddable":true,"href":"https:\/\/www.ifbaiano.edu.br\/unidades\/valenca\/wp-json\/wp\/v2\/media\/8636"}],"wp:attachment":[{"href":"https:\/\/www.ifbaiano.edu.br\/unidades\/valenca\/wp-json\/wp\/v2\/media?parent=8635"}],"wp:term":[{"taxonomy":"category","embeddable":true,"href":"https:\/\/www.ifbaiano.edu.br\/unidades\/valenca\/wp-json\/wp\/v2\/categories?post=8635"},{"taxonomy":"post_tag","embeddable":true,"href":"https:\/\/www.ifbaiano.edu.br\/unidades\/valenca\/wp-json\/wp\/v2\/tags?post=8635"}],"curies":[{"name":"wp","href":"https:\/\/api.w.org\/{rel}","templated":true}]}}