{"id":8690,"date":"2023-02-14T09:57:27","date_gmt":"2023-02-14T12:57:27","guid":{"rendered":"https:\/\/www.ifbaiano.edu.br\/unidades\/valenca\/?p=8690"},"modified":"2023-03-09T16:01:46","modified_gmt":"2023-03-09T19:01:46","slug":"campus-valenca-oferta-60-vagas-em-curso-fic","status":"publish","type":"post","link":"https:\/\/www.ifbaiano.edu.br\/unidades\/valenca\/2023\/02\/14\/campus-valenca-oferta-60-vagas-em-curso-fic\/","title":{"rendered":"Campus Valen\u00e7a oferta 60 vagas em curso FIC"},"content":{"rendered":"\n<p><em><em><em>As inscri\u00e7\u00f5es acontecem de 23 de fevereiro at\u00e9 o dia <s>02<\/s> 15 de mar\u00e7o atrav\u00e9s de formul\u00e1rio digital<\/em><\/em><\/em><\/p>\n\n\n\n<p>O IF Baiano \u2013\u00a0<em>Campus<\/em>\u00a0Valen\u00e7a vai ofertar o curso de Forma\u00e7\u00e3o Inicial e Continuada (FIC) em Cooperativismo e Empreendimentos Solid\u00e1rios. S\u00e3o 30 vagas para a turma que come\u00e7ar\u00e1 em mar\u00e7o e 30 para a turma que iniciar\u00e1 no segundo semestre. As inscri\u00e7\u00f5es s\u00e3o gratuitas e devem ser realizadas exclusivamente pela internet, mediante o preenchimento de formul\u00e1rio eletr\u00f4nico dispon\u00edvel na\u00a0<a href=\"https:\/\/concurso.ifbaiano.edu.br\/portal\/fic-valenca-fevereiro-2023\/\"><strong>p\u00e1gina do certame<\/strong><\/a>\u00a0durante o per\u00edodo de 23 de fevereiro a <s>02<\/s> 15 de mar\u00e7o\u00a0de 2023 (1\u00ba Semestre) e junho\u00a0de 2023 (2\u00ba Semestre).<\/p>\n\n\n\n<p>O curso tem carga hor\u00e1ria de 40 horas e ser\u00e1 realizado presencialmente no<em>&nbsp;campus<\/em>. Para se inscrever, \u00e9 preciso ter idade m\u00ednima de 16 anos at\u00e9 o dia da matr\u00edcula e ter ensino fundamental incompleto. O curso \u00e9 voltado para a capacita\u00e7\u00e3o dos agricultores da regi\u00e3o para o cooperativismo e foi uma sugest\u00e3o do n\u00facleo de Agricultores do Programa Empreender da Associa\u00e7\u00e3o Comercial e Empresarial de Valen\u00e7a \u2013 ACE.<\/p>\n\n\n\n<p>Acesse o&nbsp;<a href=\"https:\/\/concurso.ifbaiano.edu.br\/portal\/fic-valenca-fevereiro-2023\/wp-content\/uploads\/sites\/750\/2023\/02\/Edital-no-14-de-10-de-fevereiro-de-2023.pdf\"><strong>edital<\/strong><\/a>&nbsp;para mais informa\u00e7\u00f5es e acompanhe todas as etapas na p\u00e1gina <a href=\"https:\/\/concurso.ifbaiano.edu.br\/portal\/fic-valenca-fevereiro-2023\/\"><strong>Concursos e Sele\u00e7\u00f5es<\/strong><\/a>. <br>Em caso de d\u00favidas, entre em contato pelo e-mail&nbsp;<a href=\"mailto:extensao@valenca.ifbaiano.edu.br\">extensao@valenca.ifbaiano.edu.br<\/a>.<\/p>\n","protected":false},"excerpt":{"rendered":"<p>As inscri\u00e7\u00f5es acontecem de 23 de fevereiro at\u00e9 o dia 02 15 de mar\u00e7o atrav\u00e9s de formul\u00e1rio digital O IF Baiano \u2013\u00a0Campus\u00a0Valen\u00e7a vai ofertar o curso de Forma\u00e7\u00e3o Inicial e Continuada (FIC) em Cooperativismo e Empreendimentos Solid\u00e1rios. S\u00e3o 30 vagas para a turma que come\u00e7ar\u00e1 em mar\u00e7o e 30 para a turma que iniciar\u00e1 no [&hellip;]<\/p>\n","protected":false},"author":146,"featured_media":5240,"comment_status":"open","ping_status":"open","sticky":false,"template":"","format":"standard","meta":[],"categories":[60,13,5,32,63],"tags":[129,227],"_links":{"self":[{"href":"https:\/\/www.ifbaiano.edu.br\/unidades\/valenca\/wp-json\/wp\/v2\/posts\/8690"}],"collection":[{"href":"https:\/\/www.ifbaiano.edu.br\/unidades\/valenca\/wp-json\/wp\/v2\/posts"}],"about":[{"href":"https:\/\/www.ifbaiano.edu.br\/unidades\/valenca\/wp-json\/wp\/v2\/types\/post"}],"author":[{"embeddable":true,"href":"https:\/\/www.ifbaiano.edu.br\/unidades\/valenca\/wp-json\/wp\/v2\/users\/146"}],"replies":[{"embeddable":true,"href":"https:\/\/www.ifbaiano.edu.br\/unidades\/valenca\/wp-json\/wp\/v2\/comments?post=8690"}],"version-history":[{"count":8,"href":"https:\/\/www.ifbaiano.edu.br\/unidades\/valenca\/wp-json\/wp\/v2\/posts\/8690\/revisions"}],"predecessor-version":[{"id":8722,"href":"https:\/\/www.ifbaiano.edu.br\/unidades\/valenca\/wp-json\/wp\/v2\/posts\/8690\/revisions\/8722"}],"wp:featuredmedia":[{"embeddable":true,"href":"https:\/\/www.ifbaiano.edu.br\/unidades\/valenca\/wp-json\/wp\/v2\/media\/5240"}],"wp:attachment":[{"href":"https:\/\/www.ifbaiano.edu.br\/unidades\/valenca\/wp-json\/wp\/v2\/media?parent=8690"}],"wp:term":[{"taxonomy":"category","embeddable":true,"href":"https:\/\/www.ifbaiano.edu.br\/unidades\/valenca\/wp-json\/wp\/v2\/categories?post=8690"},{"taxonomy":"post_tag","embeddable":true,"href":"https:\/\/www.ifbaiano.edu.br\/unidades\/valenca\/wp-json\/wp\/v2\/tags?post=8690"}],"curies":[{"name":"wp","href":"https:\/\/api.w.org\/{rel}","templated":true}]}}