{"id":8705,"date":"2023-02-17T10:47:49","date_gmt":"2023-02-17T13:47:49","guid":{"rendered":"https:\/\/www.ifbaiano.edu.br\/unidades\/valenca\/?p=8705"},"modified":"2023-02-17T10:48:15","modified_gmt":"2023-02-17T13:48:15","slug":"campus-valenca-abre-selecao-para-professor-substituto","status":"publish","type":"post","link":"https:\/\/www.ifbaiano.edu.br\/unidades\/valenca\/2023\/02\/17\/campus-valenca-abre-selecao-para-professor-substituto\/","title":{"rendered":"Campus Valen\u00e7a abre sele\u00e7\u00e3o para professor substituto"},"content":{"rendered":"\n<p><em>As inscri\u00e7\u00f5es ser\u00e3o gratuitas e efetuadas por e-mail<\/em><\/p>\n\n\n\n<p>O Instituto Federal Baiano, Campus Valen\u00e7a, abriu edital para a contrata\u00e7\u00e3o de professor substituto, nas \u00e1reas de Ci\u00eancias Agr\u00e1rias, Filosofia e Matem\u00e1tica.<\/p>\n\n\n\n<p>As&nbsp;inscri\u00e7\u00f5es v\u00e3o de&nbsp;23\/02\/2023 a 01\/03\/2023 e devem ser feitas exclusivamente via internet, pelo e-mail&nbsp;<a href=\"mailto:selecaoprofessor@valenca.ifbaiano.edu.br\">selecaoprofessor@valenca.ifbaiano.edu.br<\/a>,&nbsp;nos termos do <a href=\"https:\/\/concurso.ifbaiano.edu.br\/portal\/substituto-valenca-fevereiro-2023\/wp-content\/uploads\/sites\/746\/2023\/02\/Edital-17-2023.pdf\">Edital n\u00ba 17, de&nbsp;15 de fevereiro&nbsp;de 2023<\/a>.<\/p>\n\n\n\n<p>O contrato do docente selecionado ser\u00e1 firmado para 12 meses, podendo ser prorrogado por igual per\u00edodo e a carga hor\u00e1ria de trabalho ser\u00e1 de 40h semanais.<\/p>\n\n\n\n<p>A documenta\u00e7\u00e3o necess\u00e1ria, as etapas da sele\u00e7\u00e3o e o cronograma completo, voc\u00ea confere&nbsp;<a rel=\"noreferrer noopener\" href=\"https:\/\/concurso.ifbaiano.edu.br\/portal\/substituto-valenca-fevereiro-2023\/\" target=\"_blank\"><strong>aqui<\/strong><\/a>.<\/p>\n","protected":false},"excerpt":{"rendered":"<p>As inscri\u00e7\u00f5es ser\u00e3o gratuitas e efetuadas por e-mail O Instituto Federal Baiano, Campus Valen\u00e7a, abriu edital para a contrata\u00e7\u00e3o de professor substituto, nas \u00e1reas de Ci\u00eancias Agr\u00e1rias, Filosofia e Matem\u00e1tica. As&nbsp;inscri\u00e7\u00f5es v\u00e3o de&nbsp;23\/02\/2023 a 01\/03\/2023 e devem ser feitas exclusivamente via internet, pelo e-mail&nbsp;selecaoprofessor@valenca.ifbaiano.edu.br,&nbsp;nos termos do Edital n\u00ba 17, de&nbsp;15 de fevereiro&nbsp;de 2023. O contrato [&hellip;]<\/p>\n","protected":false},"author":146,"featured_media":8707,"comment_status":"open","ping_status":"open","sticky":false,"template":"","format":"standard","meta":[],"categories":[5,35,30,32,63],"tags":[264,260],"_links":{"self":[{"href":"https:\/\/www.ifbaiano.edu.br\/unidades\/valenca\/wp-json\/wp\/v2\/posts\/8705"}],"collection":[{"href":"https:\/\/www.ifbaiano.edu.br\/unidades\/valenca\/wp-json\/wp\/v2\/posts"}],"about":[{"href":"https:\/\/www.ifbaiano.edu.br\/unidades\/valenca\/wp-json\/wp\/v2\/types\/post"}],"author":[{"embeddable":true,"href":"https:\/\/www.ifbaiano.edu.br\/unidades\/valenca\/wp-json\/wp\/v2\/users\/146"}],"replies":[{"embeddable":true,"href":"https:\/\/www.ifbaiano.edu.br\/unidades\/valenca\/wp-json\/wp\/v2\/comments?post=8705"}],"version-history":[{"count":2,"href":"https:\/\/www.ifbaiano.edu.br\/unidades\/valenca\/wp-json\/wp\/v2\/posts\/8705\/revisions"}],"predecessor-version":[{"id":8708,"href":"https:\/\/www.ifbaiano.edu.br\/unidades\/valenca\/wp-json\/wp\/v2\/posts\/8705\/revisions\/8708"}],"wp:featuredmedia":[{"embeddable":true,"href":"https:\/\/www.ifbaiano.edu.br\/unidades\/valenca\/wp-json\/wp\/v2\/media\/8707"}],"wp:attachment":[{"href":"https:\/\/www.ifbaiano.edu.br\/unidades\/valenca\/wp-json\/wp\/v2\/media?parent=8705"}],"wp:term":[{"taxonomy":"category","embeddable":true,"href":"https:\/\/www.ifbaiano.edu.br\/unidades\/valenca\/wp-json\/wp\/v2\/categories?post=8705"},{"taxonomy":"post_tag","embeddable":true,"href":"https:\/\/www.ifbaiano.edu.br\/unidades\/valenca\/wp-json\/wp\/v2\/tags?post=8705"}],"curies":[{"name":"wp","href":"https:\/\/api.w.org\/{rel}","templated":true}]}}