{"id":8713,"date":"2023-03-02T09:39:05","date_gmt":"2023-03-02T12:39:05","guid":{"rendered":"https:\/\/www.ifbaiano.edu.br\/unidades\/valenca\/?p=8713"},"modified":"2023-03-02T09:39:05","modified_gmt":"2023-03-02T12:39:05","slug":"if-baiano-abre-selecao-para-contratacao-de-equipe-temporaria-para-projeto-de-implementacao-de-cursos-eja-fic","status":"publish","type":"post","link":"https:\/\/www.ifbaiano.edu.br\/unidades\/valenca\/2023\/03\/02\/if-baiano-abre-selecao-para-contratacao-de-equipe-temporaria-para-projeto-de-implementacao-de-cursos-eja-fic\/","title":{"rendered":"IF Baiano abre sele\u00e7\u00e3o para contrata\u00e7\u00e3o de Equipe Tempor\u00e1ria para Projeto de Implementa\u00e7\u00e3o de Cursos EJA\/FIC"},"content":{"rendered":"\n<p><em><em>As inscri\u00e7\u00f5es acontecem de 1\u00ba a 10 de mar\u00e7o atrav\u00e9s de formul\u00e1rio digital<\/em><\/em><\/p>\n\n\n\n<p>O Instituto Federal de Educa\u00e7\u00e3o, Ci\u00eancia e Tecnologia Baiano &#8211; IF Baiano, no uso de suas atribui\u00e7\u00f5es legais faz saber que est\u00e3o abertas \u00e0s inscri\u00e7\u00f5es ao Processo de Sele\u00e7\u00e3o Simplificada para contrata\u00e7\u00e3o tempor\u00e1ria, para atuar na equipe executora &#8211; Professor(a), no Projeto de Implementa\u00e7\u00e3o de Cursos EJA\/FIC Integrada a EPT no \u00e2mbito do Programa da Educa\u00e7\u00e3o de Jovens e Adultos Integrada \u00e0 Educa\u00e7\u00e3o Profissional (Programa EJA Integrada \u00e0 EPT).<\/p>\n\n\n\n<p>As vagas neste processo seletivo destinam-se \u00e0 contrata\u00e7\u00e3o de pessoal qualificado para atuar na equipe executora &#8211; professor(a), com designa\u00e7\u00e3o priorit\u00e1ria a servidor efetivo do IF Baiano e, em caso de n\u00e3o preenchimento das vagas, ao p\u00fablico externo, conforme as especificidades de cada vaga discriminadas no Anexo II. <br>Para candidato colaborador interno, ser\u00e1 necess\u00e1rio possuir v\u00ednculo como servidor, em pleno exerc\u00edcio de suas fun\u00e7\u00f5es, do quadro do IF Baiano nos campi de execu\u00e7\u00e3o do Projeto EJA integrada a EPT, a saber: Catu, Governador Mangabeira, Santa In\u00eas, Serrinha e Valen\u00e7a.<\/p>\n\n\n\n<p>As inscri\u00e7\u00f5es s\u00e3o gratuitas e dever\u00e3o ser realizadas no per\u00edodo de 1\u00ba a 10 de mar\u00e7o de 2023, atrav\u00e9s do preenchimento do formul\u00e1rio digital dispon\u00edvel na <a href=\"https:\/\/concurso.ifbaiano.edu.br\/portal\/projeto-implementacao-curso-eja-fic-serrinha-2023\/\"><strong>p\u00e1gina do certame<\/strong><\/a>. <\/p>\n\n\n\n<p>Acesse o\u00a0<strong><a href=\"https:\/\/www.ifbaiano.edu.br\/unidades\/valenca\/files\/2023\/03\/Edital-no-19-de-24-de-fevereiro-de-2023.pdf\">edital<\/a><\/strong>\u00a0para mais informa\u00e7\u00f5es. Em caso de d\u00favidas, entre em contato pelo e-mail <a href=\"mailto:coordenacao.pejaept@iWaiano.edu.br\"><strong>coordenacao.pejaept@ifbaiano.edu.br<\/strong><\/a>.<\/p>\n","protected":false},"excerpt":{"rendered":"<p>As inscri\u00e7\u00f5es acontecem de 1\u00ba a 10 de mar\u00e7o atrav\u00e9s de formul\u00e1rio digital O Instituto Federal de Educa\u00e7\u00e3o, Ci\u00eancia e Tecnologia Baiano &#8211; IF Baiano, no uso de suas atribui\u00e7\u00f5es legais faz saber que est\u00e3o abertas \u00e0s inscri\u00e7\u00f5es ao Processo de Sele\u00e7\u00e3o Simplificada para contrata\u00e7\u00e3o tempor\u00e1ria, para atuar na equipe executora &#8211; Professor(a), no Projeto [&hellip;]<\/p>\n","protected":false},"author":146,"featured_media":8715,"comment_status":"open","ping_status":"open","sticky":false,"template":"","format":"standard","meta":[],"categories":[5,35,32,63],"tags":[266,256,265],"_links":{"self":[{"href":"https:\/\/www.ifbaiano.edu.br\/unidades\/valenca\/wp-json\/wp\/v2\/posts\/8713"}],"collection":[{"href":"https:\/\/www.ifbaiano.edu.br\/unidades\/valenca\/wp-json\/wp\/v2\/posts"}],"about":[{"href":"https:\/\/www.ifbaiano.edu.br\/unidades\/valenca\/wp-json\/wp\/v2\/types\/post"}],"author":[{"embeddable":true,"href":"https:\/\/www.ifbaiano.edu.br\/unidades\/valenca\/wp-json\/wp\/v2\/users\/146"}],"replies":[{"embeddable":true,"href":"https:\/\/www.ifbaiano.edu.br\/unidades\/valenca\/wp-json\/wp\/v2\/comments?post=8713"}],"version-history":[{"count":2,"href":"https:\/\/www.ifbaiano.edu.br\/unidades\/valenca\/wp-json\/wp\/v2\/posts\/8713\/revisions"}],"predecessor-version":[{"id":8717,"href":"https:\/\/www.ifbaiano.edu.br\/unidades\/valenca\/wp-json\/wp\/v2\/posts\/8713\/revisions\/8717"}],"wp:featuredmedia":[{"embeddable":true,"href":"https:\/\/www.ifbaiano.edu.br\/unidades\/valenca\/wp-json\/wp\/v2\/media\/8715"}],"wp:attachment":[{"href":"https:\/\/www.ifbaiano.edu.br\/unidades\/valenca\/wp-json\/wp\/v2\/media?parent=8713"}],"wp:term":[{"taxonomy":"category","embeddable":true,"href":"https:\/\/www.ifbaiano.edu.br\/unidades\/valenca\/wp-json\/wp\/v2\/categories?post=8713"},{"taxonomy":"post_tag","embeddable":true,"href":"https:\/\/www.ifbaiano.edu.br\/unidades\/valenca\/wp-json\/wp\/v2\/tags?post=8713"}],"curies":[{"name":"wp","href":"https:\/\/api.w.org\/{rel}","templated":true}]}}