{"id":8731,"date":"2023-03-16T16:04:31","date_gmt":"2023-03-16T19:04:31","guid":{"rendered":"https:\/\/www.ifbaiano.edu.br\/unidades\/valenca\/?p=8731"},"modified":"2023-04-03T17:06:45","modified_gmt":"2023-04-03T20:06:45","slug":"chamada-publica-no-1-2023-edital-de-inscricao-para-adesao-ao-programa-de-gestao-do-teletrabalho","status":"publish","type":"post","link":"https:\/\/www.ifbaiano.edu.br\/unidades\/valenca\/2023\/03\/16\/chamada-publica-no-1-2023-edital-de-inscricao-para-adesao-ao-programa-de-gestao-do-teletrabalho\/","title":{"rendered":"Chamada P\u00fablica n\u00ba 1\/2023 &#8211; Edital de inscri\u00e7\u00e3o para ades\u00e3o ao Programa de Gest\u00e3o do Teletrabalho"},"content":{"rendered":"\n<p>O diretor do Instituto Federal de Educa\u00e7\u00e3o, Ci\u00eancia e Tecnologia Baiano \u2013 <em>Campus <\/em>Valen\u00e7a, no uso das suas atribui\u00e7\u00f5es legais, conferidas pela Portaria n\u00ba 286, de 18\/03\/2022, publicada no Di\u00e1rio O\ufb01cial da Uni\u00e3o de 21\/03\/2022, e de acordo com as disposi\u00e7\u00f5es contidas na Lei n\u00ba 11.892, de 29\/12\/2008, e na Lei n\u00ba 8.112\/1990 e, tendo em vista a Resolu\u00e7\u00e3o CONSUP 182\/2022 &#8211; OS-CONSUP\/IF BAIANO, de 1 de fevereiro de 2022, que aprova o Programa de Gest\u00e3o do Teletrabalho no \u00e2mbito do IF Baiano, em especial na modalidade teletrabalho, no \u00e2mbito do IF Baiano, Resolu\u00e7\u00e3o 225\/2022 &#8211; OS-CONSUP\/IFBAIANO, de 3 de agosto de 2022, que aprova a altera\u00e7\u00e3o do Programa de Gest\u00e3o do Teletrabalho, e conforme disposi\u00e7\u00f5es contidas na Portaria 02\/2022\/RET-SCS\/RET-GA, de 18 de fevereiro de 2022 e Nota T\u00e9cnica SEI 32923\/2021\/ME, torna p\u00fablica o EDITAL PARA ADES\u00c3O AO PROGRAMA DE GEST\u00c3O DO TELETRABALHO \u2013 FLUXO CONT\u00cdNUO &#8211; REGIME DE EXECU\u00c7\u00c3O PARCIAL para os servidores lotados no <em>Campus <\/em>Valen\u00e7a.<\/p>\n\n\n\n<p>Confira o&nbsp;<a href=\"https:\/\/www.ifbaiano.edu.br\/unidades\/valenca\/files\/2023\/03\/Edital-no-20-Teletrabalho-Fluxo-Continuo-Regime-de-Execucao-Parcial.pdf\">edital&nbsp;<\/a>para mais informa\u00e7\u00f5es!<\/p>\n\n\n\n<div id=\"ProreitoriaTopoTitulo\">\n\t\t\t\t\tEditais e Documentos\n\t\t\t\t<\/div>\n\n\n\n<div class=\"wp-block-file\"><a href=\"https:\/\/www.ifbaiano.edu.br\/unidades\/valenca\/files\/2023\/03\/Chamada-Publica-no-01-2023-Homologacao-do-resultado.pdf\">Homologa\u00e7\u00e3o do resultado<\/a><\/div>\n\n\n\n<div class=\"wp-block-file\"><a href=\"https:\/\/www.ifbaiano.edu.br\/unidades\/valenca\/files\/2023\/03\/Resultado-preliminar-de-classificacao-Pos-recurso.pdf\">Resultado preliminar &#8211; P\u00f3s-recurso<\/a><\/div>\n\n\n\n<div class=\"wp-block-file\"><a href=\"https:\/\/www.ifbaiano.edu.br\/unidades\/valenca\/files\/2023\/03\/Chamada-Publica-no-01-2023-Resultado-Preliminar.pdf\">Resultado Preliminar<\/a><\/div>\n\n\n\n<div class=\"wp-block-file\"><a href=\"https:\/\/www.ifbaiano.edu.br\/unidades\/valenca\/files\/2023\/03\/Edital-no-20-Teletrabalho-Fluxo-Continuo-Regime-de-Execucao-Parcial.pdf\">Edital n\u00ba 20<\/a><\/div>\n\n\n\n<p><\/p>\n","protected":false},"excerpt":{"rendered":"<p>O diretor do Instituto Federal de Educa\u00e7\u00e3o, Ci\u00eancia e Tecnologia Baiano \u2013 Campus Valen\u00e7a, no uso das suas atribui\u00e7\u00f5es legais, conferidas pela Portaria n\u00ba 286, de 18\/03\/2022, publicada no Di\u00e1rio O\ufb01cial da Uni\u00e3o de 21\/03\/2022, e de acordo com as disposi\u00e7\u00f5es contidas na Lei n\u00ba 11.892, de 29\/12\/2008, e na Lei n\u00ba 8.112\/1990 e, tendo [&hellip;]<\/p>\n","protected":false},"author":146,"featured_media":7928,"comment_status":"open","ping_status":"open","sticky":false,"template":"","format":"standard","meta":[],"categories":[33,35,63],"tags":[209,210],"_links":{"self":[{"href":"https:\/\/www.ifbaiano.edu.br\/unidades\/valenca\/wp-json\/wp\/v2\/posts\/8731"}],"collection":[{"href":"https:\/\/www.ifbaiano.edu.br\/unidades\/valenca\/wp-json\/wp\/v2\/posts"}],"about":[{"href":"https:\/\/www.ifbaiano.edu.br\/unidades\/valenca\/wp-json\/wp\/v2\/types\/post"}],"author":[{"embeddable":true,"href":"https:\/\/www.ifbaiano.edu.br\/unidades\/valenca\/wp-json\/wp\/v2\/users\/146"}],"replies":[{"embeddable":true,"href":"https:\/\/www.ifbaiano.edu.br\/unidades\/valenca\/wp-json\/wp\/v2\/comments?post=8731"}],"version-history":[{"count":5,"href":"https:\/\/www.ifbaiano.edu.br\/unidades\/valenca\/wp-json\/wp\/v2\/posts\/8731\/revisions"}],"predecessor-version":[{"id":8796,"href":"https:\/\/www.ifbaiano.edu.br\/unidades\/valenca\/wp-json\/wp\/v2\/posts\/8731\/revisions\/8796"}],"wp:featuredmedia":[{"embeddable":true,"href":"https:\/\/www.ifbaiano.edu.br\/unidades\/valenca\/wp-json\/wp\/v2\/media\/7928"}],"wp:attachment":[{"href":"https:\/\/www.ifbaiano.edu.br\/unidades\/valenca\/wp-json\/wp\/v2\/media?parent=8731"}],"wp:term":[{"taxonomy":"category","embeddable":true,"href":"https:\/\/www.ifbaiano.edu.br\/unidades\/valenca\/wp-json\/wp\/v2\/categories?post=8731"},{"taxonomy":"post_tag","embeddable":true,"href":"https:\/\/www.ifbaiano.edu.br\/unidades\/valenca\/wp-json\/wp\/v2\/tags?post=8731"}],"curies":[{"name":"wp","href":"https:\/\/api.w.org\/{rel}","templated":true}]}}