{"id":8734,"date":"2023-03-20T15:01:45","date_gmt":"2023-03-20T18:01:45","guid":{"rendered":"https:\/\/www.ifbaiano.edu.br\/unidades\/valenca\/?p=8734"},"modified":"2023-06-16T11:05:37","modified_gmt":"2023-06-16T14:05:37","slug":"divulgado-edital-para-selecao-do-paise","status":"publish","type":"post","link":"https:\/\/www.ifbaiano.edu.br\/unidades\/valenca\/2023\/03\/20\/divulgado-edital-para-selecao-do-paise\/","title":{"rendered":"Divulgado edital para sele\u00e7\u00e3o do PAISE"},"content":{"rendered":"\n<p>As inscri\u00e7\u00f5es ser\u00e3o entre os dias 27 de mar\u00e7o e 6 de abril, por meio do SUAP<\/p>\n\n\n\n<p>O&nbsp;<em>campus<\/em>&nbsp;Valen\u00e7a do Instituto Federal de Educa\u00e7\u00e3o, Ci\u00eancia e Tecnologia Baiano &#8211; IF Baiano lan\u00e7ou hoje, 20, o edital do Programa de Assist\u00eancia e Inclus\u00e3o Social do Estudante \u2013 PAISE. As inscri\u00e7\u00f5es ser\u00e3o entre os dias 27 de mar\u00e7o e 6 de abril, por meio do Sistema Unificado de Administra\u00e7\u00e3o P\u00fablica (SUAP) &#8211; <a href=\"https:\/\/suap.ifbaiano.edu.br\/\">https:\/\/suap.ifbaiano.edu.br<\/a>.<\/p>\n\n\n\n<p>Para participar do programa, o estudante dever\u00e1 estar matriculado e com frequ\u00eancia regular em curso ofertado pelo campus, de n\u00edvel m\u00e9dio ou gradua\u00e7\u00e3o, nas modalidades presencial ou EaD e possuir renda per capita familiar de at\u00e9 um sal\u00e1rio m\u00ednimo e meio vigente.<\/p>\n\n\n\n<p><strong>Sobre os aux\u00edlios<\/strong><\/p>\n\n\n\n<p><strong>Aux\u00edlio Moradia:<\/strong> concess\u00e3o de recurso financeiro, fixo e mensal para custear as despesas com aluguel aos(\u00e0s) estudantes oriundos(as) de outros munic\u00edpios e\/ou com dificuldade de translado di\u00e1rio, que precisaram se mudar em virtude do ingresso no Instituto e que n\u00e3o tenham sido beneficiados com a Resid\u00eancia Estudantil.<\/p>\n\n\n\n<p><strong>Aux\u00edlio Material Acad\u00eamico:<\/strong> concess\u00e3o de repasse financeiro, \u00fanico e anual ao(\u00e0) estudante, para custeio de material acad\u00eamico. Pode ser acumulado com outros aux\u00edlios.<\/p>\n\n\n\n<p><strong>Aux\u00edlio C\u00f3pia e Impress\u00e3o:<\/strong> concess\u00e3o de cota ou repasse financeiro, fixo e mensal, ao(\u00e0) estudante para a reprodu\u00e7\u00e3o e\/ou impress\u00e3o do material de uso acad\u00eamico, exceto os casos especificados na Lei 9.610 de 19 de fevereiro de 1998, durante o per\u00edodo letivo. Pode ser acumulado com outros aux\u00edlios e poder\u00e1 ser pago por valor mensal ou semestral.<\/p>\n\n\n\n<p><strong>Aux\u00edlio Perman\u00eancia:<\/strong> concess\u00e3o de repasse financeiro, fixo e mensal, ao(\u00e0) estudante que n\u00e3o possui perfil para os demais aux\u00edlios n\u00e3o acumul\u00e1veis, contudo, vivem em situa\u00e7\u00e3o de vulnerabilidade, e cuja renda per capita familiar seja de at\u00e9 50% do sal\u00e1rio m\u00ednimo vigente.<\/p>\n\n\n\n<p><strong>Aux\u00edlio PROEJA:<\/strong> concess\u00e3o de repasse financeiro, fixo e mensal, aos(\u00e0s) estudantes regularmente matriculados(as) em cursos do Proeja T\u00e9cnico ou de Forma\u00e7\u00e3o Inicial e Continuada (FIC) que tenha dura\u00e7\u00e3o igual ou superior a seis meses, em situa\u00e7\u00e3o de vulnerabilidade socioecon\u00f4mica.<\/p>\n\n\n\n<p><strong>Aux\u00edlio Creche:<\/strong> concess\u00e3o de repasse financeiro, fixo e mensal, ao(\u00e0) estudante pai, m\u00e3e ou respons\u00e1vel legal de crian\u00e7a de at\u00e9 5 (cinco) anos, 11 meses e 29 dias de idade no ato da inscri\u00e7\u00e3o, ou de pessoa com defici\u00eancia comprovada por laudo m\u00e9dico, que resida com o(a) estudante e n\u00e3o possua amparo familiar para o cuidado durante o hor\u00e1rio de aula. Par\u00e1grafo \u00danico. De acordo com a Portaria N\u00ba 519, de 09 de abril de 2014, \u00e9 vedada a concess\u00e3o de pagamento cumulativo de Aux\u00edlio Creche, por meio do PAISE, a estudantes c\u00f4njuges. <\/p>\n\n\n\n<p><strong>Aux\u00edlio Alimenta\u00e7\u00e3o:<\/strong> Concess\u00e3o de repasse financeiro fixo e mensal para custear despesas com alimenta\u00e7\u00e3o durante o per\u00edodo letivo, desde que n\u00e3o tenha sido contemplado com outro programa institucional com a mesma finalidade. <\/p>\n\n\n\n<p><strong>Aux\u00edlio Transporte:<\/strong> concess\u00e3o de repasse financeiro fixo e mensal a estudantes, para custear as despesas com transporte, auxiliando o translado de ida e volta, ou ida, ou volta ao <em>Campus <\/em>durante o per\u00edodo letivo. Este aux\u00edlio n\u00e3o pode ser concedido a estudantes atendidos por programa similares, tais como transporte ou vales-transportes concedidos pelas prefeituras integralmente.<\/p>\n\n\n\n<p>Em caso de d\u00favidas, o aluno pode encaminhar e-mail para&nbsp;<a href=\"mailto:clae@valenca.ifbaiano.edu.br\">clae@valenca.ifbaiano.edu.br<\/a>, ou buscar presencialmente a Coordena\u00e7\u00e3o de Assuntos Estudantis (CAE) ou o Servi\u00e7o Social do campus.<\/p>\n\n\n\n<div id=\"ProreitoriaTopoTitulo\">\n\t\t\t\t\tEditais e Documentos\n\t\t\t\t<\/div>\n\n\n\n<div class=\"wp-block-file\"><a id=\"wp-block-file--media-5e0361da-cc22-4f30-b18e-5e73e74bdbca\" href=\"https:\/\/www.ifbaiano.edu.br\/unidades\/valenca\/files\/2023\/03\/Resultado-final-segunda-chamada-paise-2023.pdf\">Resultado Final &#8211; 2\u00aa chamada<\/a><\/div>\n\n\n\n<div class=\"wp-block-file\"><a id=\"wp-block-file--media-78225ad0-edc6-40f0-adff-023c6c43b546\" href=\"https:\/\/www.ifbaiano.edu.br\/unidades\/valenca\/files\/2023\/03\/Resultado-preliminar-2a-chamada-Paise-2023.1.pdf\">Resultado Preliminar &#8211; 2\u00aa chamada<\/a><\/div>\n\n\n\n<div class=\"wp-block-file\"><a id=\"wp-block-file--media-7ba2ce05-4496-4e95-b294-c38579bb231f\" href=\"https:\/\/www.ifbaiano.edu.br\/unidades\/valenca\/files\/2023\/03\/Resultado-Final-PAISE-2023.pdf\">Resultado Final<\/a><\/div>\n\n\n\n<div class=\"wp-block-file\"><a id=\"wp-block-file--media-35becbc7-9276-41d6-9398-e6e90e8424d7\" href=\"https:\/\/www.ifbaiano.edu.br\/unidades\/valenca\/files\/2023\/03\/Resultado-Preliminar-PAISE-2023.pdf\">Resultado Preliminar<\/a><\/div>\n\n\n\n<p><a href=\"https:\/\/www.ifbaiano.edu.br\/unidades\/valenca\/files\/2023\/03\/Novo-Cronograma-do-PAISE.pdf\">ATA da 1\u00aa Reuni\u00e3o Extraordin\u00e1ria<\/a> <span style=\"color: #ff0000\"><strong>(novo cronograma )<\/strong><\/span> <\/p>\n\n\n\n<p><a href=\"https:\/\/www.ifbaiano.edu.br\/unidades\/valenca\/files\/2023\/03\/Edital-no-02-de-16-de-marco-2023-Retificado.pdf\">Edital n\u00ba 02<\/a> <span style=\"color: #ff0000\"><strong>(retificado)<\/strong><\/span><\/p>\n\n\n\n<div class=\"wp-block-file\"><a id=\"wp-block-file--media-0f517a9a-dbaa-4ef7-a387-3fb7640b703b\" href=\"https:\/\/www.ifbaiano.edu.br\/unidades\/valenca\/files\/2023\/03\/Edital-no-02-de-16-de-marco-de-2023.pdf\">Edital n\u00ba 02<\/a><\/div>\n","protected":false},"excerpt":{"rendered":"<p>As inscri\u00e7\u00f5es ser\u00e3o entre os dias 27 de mar\u00e7o e 6 de abril, por meio do SUAP O&nbsp;campus&nbsp;Valen\u00e7a do Instituto Federal de Educa\u00e7\u00e3o, Ci\u00eancia e Tecnologia Baiano &#8211; IF Baiano lan\u00e7ou hoje, 20, o edital do Programa de Assist\u00eancia e Inclus\u00e3o Social do Estudante \u2013 PAISE. As inscri\u00e7\u00f5es ser\u00e3o entre os dias 27 de mar\u00e7o [&hellip;]<\/p>\n","protected":false},"author":146,"featured_media":8739,"comment_status":"open","ping_status":"open","sticky":false,"template":"","format":"standard","meta":[],"categories":[47,5,35,63],"tags":[148,271,177],"_links":{"self":[{"href":"https:\/\/www.ifbaiano.edu.br\/unidades\/valenca\/wp-json\/wp\/v2\/posts\/8734"}],"collection":[{"href":"https:\/\/www.ifbaiano.edu.br\/unidades\/valenca\/wp-json\/wp\/v2\/posts"}],"about":[{"href":"https:\/\/www.ifbaiano.edu.br\/unidades\/valenca\/wp-json\/wp\/v2\/types\/post"}],"author":[{"embeddable":true,"href":"https:\/\/www.ifbaiano.edu.br\/unidades\/valenca\/wp-json\/wp\/v2\/users\/146"}],"replies":[{"embeddable":true,"href":"https:\/\/www.ifbaiano.edu.br\/unidades\/valenca\/wp-json\/wp\/v2\/comments?post=8734"}],"version-history":[{"count":9,"href":"https:\/\/www.ifbaiano.edu.br\/unidades\/valenca\/wp-json\/wp\/v2\/posts\/8734\/revisions"}],"predecessor-version":[{"id":9049,"href":"https:\/\/www.ifbaiano.edu.br\/unidades\/valenca\/wp-json\/wp\/v2\/posts\/8734\/revisions\/9049"}],"wp:featuredmedia":[{"embeddable":true,"href":"https:\/\/www.ifbaiano.edu.br\/unidades\/valenca\/wp-json\/wp\/v2\/media\/8739"}],"wp:attachment":[{"href":"https:\/\/www.ifbaiano.edu.br\/unidades\/valenca\/wp-json\/wp\/v2\/media?parent=8734"}],"wp:term":[{"taxonomy":"category","embeddable":true,"href":"https:\/\/www.ifbaiano.edu.br\/unidades\/valenca\/wp-json\/wp\/v2\/categories?post=8734"},{"taxonomy":"post_tag","embeddable":true,"href":"https:\/\/www.ifbaiano.edu.br\/unidades\/valenca\/wp-json\/wp\/v2\/tags?post=8734"}],"curies":[{"name":"wp","href":"https:\/\/api.w.org\/{rel}","templated":true}]}}