{"id":874,"date":"2011-10-21T21:50:55","date_gmt":"2011-10-21T21:50:55","guid":{"rendered":"http:\/\/www.ifbaiano.edu.br\/unidades\/valenca\/?p=874"},"modified":"2011-10-21T21:56:12","modified_gmt":"2011-10-21T21:56:12","slug":"assembleia-estadual-delibera-votar-pelo-fim-da-greve","status":"publish","type":"post","link":"https:\/\/www.ifbaiano.edu.br\/unidades\/valenca\/2011\/10\/21\/assembleia-estadual-delibera-votar-pelo-fim-da-greve\/","title":{"rendered":"Assembl\u00e9ia Estadual delibera votar pelo fim da greve"},"content":{"rendered":"<p>A Assembl\u00e9ia Geral de GREVE ocorrida no dia 20\/11, deliberou que os delegados da Bahia a 105\u00aa plena que ocorrer\u00e1 no dia 22\/10 em Bras\u00edlia, votem e defendam o fim da GREVE e o imediato in\u00edcio das negocia\u00e7\u00f5es com o governo, atrav\u00e9s dos GT\u2019s com a FASUBRA e a ANDES.<\/p>\n<p>\u00a0Os delegados da Bahia que ir\u00e3o defender esta proposta na plen\u00e1ria s\u00e3o:<\/p>\n<p>Joilson Cruz \u2013 Representa\u00e7\u00e3o Sindical<\/p>\n<p>Leandro (Campus St\u00ba Amaro) \u2013 Delegado de Base<\/p>\n<p>Para dialogar sobre oficio n\u00ba 127-SETEC\/MEC, o SINASEFE \u2013 Se\u00e7\u00e3o Bahia, agendou reuni\u00e3o para a pr\u00f3xima semana com Gestores do IFBA, na reitoria para dialogar e buscar apoio e solidariedade contra a medida arbitraria do SETEC\/MEC, que determina que os IF\u2019s cortem o ponto e encaminhem os nomes dos servidores ao MPOG que ainda est\u00e3o em GREVE.<\/p>\n<p>Esta medida \u00e9 um complemento as a\u00e7\u00f5es jur\u00eddicas que est\u00e3o sendo tomadas, para impedir que o governo, continue atacando a categoria dos trabalhadores, que reivindicam legalmente os seus direitos e um trabalho com dignidade.<\/p>\n<p style=\"text-align: right\">FONTE: SINASEFE \u2013 Se\u00e7\u00e3o Bahia<\/p>\n","protected":false},"excerpt":{"rendered":"<p>A Assembl\u00e9ia Geral de GREVE ocorrida no dia 20\/11, deliberou que os delegados da Bahia a 105\u00aa plena que ocorrer\u00e1 no dia 22\/10 em Bras\u00edlia, votem e defendam o fim da GREVE e o imediato in\u00edcio das negocia\u00e7\u00f5es com o governo, atrav\u00e9s dos GT\u2019s com a FASUBRA e a ANDES. \u00a0Os delegados da Bahia que [&hellip;]<\/p>\n","protected":false},"author":6,"featured_media":0,"comment_status":"open","ping_status":"open","sticky":false,"template":"","format":"standard","meta":[],"categories":[24],"tags":[],"_links":{"self":[{"href":"https:\/\/www.ifbaiano.edu.br\/unidades\/valenca\/wp-json\/wp\/v2\/posts\/874"}],"collection":[{"href":"https:\/\/www.ifbaiano.edu.br\/unidades\/valenca\/wp-json\/wp\/v2\/posts"}],"about":[{"href":"https:\/\/www.ifbaiano.edu.br\/unidades\/valenca\/wp-json\/wp\/v2\/types\/post"}],"author":[{"embeddable":true,"href":"https:\/\/www.ifbaiano.edu.br\/unidades\/valenca\/wp-json\/wp\/v2\/users\/6"}],"replies":[{"embeddable":true,"href":"https:\/\/www.ifbaiano.edu.br\/unidades\/valenca\/wp-json\/wp\/v2\/comments?post=874"}],"version-history":[{"count":4,"href":"https:\/\/www.ifbaiano.edu.br\/unidades\/valenca\/wp-json\/wp\/v2\/posts\/874\/revisions"}],"predecessor-version":[{"id":878,"href":"https:\/\/www.ifbaiano.edu.br\/unidades\/valenca\/wp-json\/wp\/v2\/posts\/874\/revisions\/878"}],"wp:attachment":[{"href":"https:\/\/www.ifbaiano.edu.br\/unidades\/valenca\/wp-json\/wp\/v2\/media?parent=874"}],"wp:term":[{"taxonomy":"category","embeddable":true,"href":"https:\/\/www.ifbaiano.edu.br\/unidades\/valenca\/wp-json\/wp\/v2\/categories?post=874"},{"taxonomy":"post_tag","embeddable":true,"href":"https:\/\/www.ifbaiano.edu.br\/unidades\/valenca\/wp-json\/wp\/v2\/tags?post=874"}],"curies":[{"name":"wp","href":"https:\/\/api.w.org\/{rel}","templated":true}]}}