{"id":8745,"date":"2023-03-27T09:35:50","date_gmt":"2023-03-27T12:35:50","guid":{"rendered":"https:\/\/www.ifbaiano.edu.br\/unidades\/valenca\/?p=8745"},"modified":"2023-03-27T09:39:32","modified_gmt":"2023-03-27T12:39:32","slug":"dia-do-cacau-saiba-como-o-if-baiano-atua-modernizando-a-producao-de-chocolate-e-capacitando-pequenos-produtores","status":"publish","type":"post","link":"https:\/\/www.ifbaiano.edu.br\/unidades\/valenca\/2023\/03\/27\/dia-do-cacau-saiba-como-o-if-baiano-atua-modernizando-a-producao-de-chocolate-e-capacitando-pequenos-produtores\/","title":{"rendered":"Dia do Cacau: saiba como o IF Baiano atua, modernizando a produ\u00e7\u00e3o de chocolate e capacitando pequenos produtores"},"content":{"rendered":"\n<p><em>Equipamento desenvolvido no IF Baiano promete otimizar a quebra do cacau e modernizar parte do complexo processo de produ\u00e7\u00e3o de chocolate<\/em><\/p>\n\n\n\n<p>Dia 26 de mar\u00e7o \u00e9 o Dia do Cacau, fruta que d\u00e1 origem ao chocolate: guloseima apreciada em todo o mundo. Para celebrar o Dia do Cacau, neste per\u00edodo de P\u00e1scoa em que o mercado do chocolate chega ao seu pico de produ\u00e7\u00e3o, o IF Baiano preparou uma mat\u00e9ria em audiovisual que mostra como a institui\u00e7\u00e3o atua na capacita\u00e7\u00e3o profissional para a produ\u00e7\u00e3o da guloseima e na moderniza\u00e7\u00e3o da cadeia produtiva do cacau.<\/p>\n\n\n\n<p>Poucas pessoas conhecem a complexidade do processo que o cacau passa at\u00e9 chegar ao chocolate \u2013 quebra, retirada das am\u00eandoas, fermenta\u00e7\u00e3o, secagem, torragem, tritura\u00e7\u00e3o s\u00e3o algumas das etapas desse processo. Pensando em otimizar uma dessas fases, o professor e engenheiro agr\u00edcola, Paulo Menicucci Sabioni, desenvolveu, no Campus Uru\u00e7uca, um aparelho que torna a quebra do cacau mais segura, higi\u00eanica e r\u00e1pida.<\/p>\n\n\n\n<figure class=\"wp-block-image\"><img decoding=\"async\" src=\"https:\/\/ifbaiano.edu.br\/portal\/wp-content\/uploads\/2023\/03\/quebra-do-cacau.png\" alt=\"\" class=\"wp-image-27009\" \/><\/figure>\n\n\n\n<p>\u201cO cacau tem uma import\u00e2ncia mundial, economicamente falando, e n\u00f3s temos ainda um problema de moderniza\u00e7\u00e3o, de mecaniza\u00e7\u00e3o dessa lavoura\u201d, explica o professor. Para ele, a complexa cadeia produtiva do cacau vem sendo modernizada, mas muito lentamente ainda no Brasil e no mundo.<\/p>\n\n\n\n<p>O Brasil \u00e9 o s\u00e9timo pa\u00eds mais produtor de cacau no mundo e a Bahia \u00e9 o estado que lidera a produ\u00e7\u00e3o. \u00c9 na regi\u00e3o onde a lavoura cacaueira tem maior concentra\u00e7\u00e3o no estado, o Litoral Sul Baiano, que o IF Baiano \u2013 Campus Uru\u00e7uca est\u00e1 localizado. Foi pela import\u00e2ncia da lavoura do cacau para a regi\u00e3o do campus e por entender as necessidades de quem trabalha com isso que o docente se debru\u00e7ou em solu\u00e7\u00f5es at\u00e9 chegar ao aparelho, patenteado pelo Instituto Nacional da Propriedade Industrial \u2013 INPI.<\/p>\n\n\n\n<p>A professora aposentada, Arlene Amurim, hoje, produtora de chocolate, se mostrou interessada no aparelho. Ela \u00e9 m\u00e3e de um aluno do Campus Uru\u00e7uca e possui uma pequena lavoura de cacau. Por n\u00e3o saber como manejar a fruta para a produ\u00e7\u00e3o de chocolate, Arlene passou muito tempo vendendo ou doando a pequena colheita de cacau de sua propriedade.<\/p>\n\n\n\n<p>Pelo filho, Vitor Amurim, ela soube de um curso de curta dura\u00e7\u00e3o promovido pelo IF Baiano para a capacita\u00e7\u00e3o de pessoas para a produ\u00e7\u00e3o do chocolate. A partir do que aprendeu no curso, Arlene passou a direcionar sua planta\u00e7\u00e3o de cacau para a produ\u00e7\u00e3o de chocolates Tree to Bar, a classifica\u00e7\u00e3o significa que o produto foi feito pelo mesmo fabricante desde o cultivo do cacau at\u00e9 a barra de chocolate e essa caracter\u00edstica agrega valor ao produto.<\/p>\n\n\n\n<p>O IF Baiano, atrav\u00e9s dessa capacita\u00e7\u00e3o, possibilitou uma nova ocupa\u00e7\u00e3o e fonte de renda para Arlene. Assista \u00e0 reportagem e conhe\u00e7a melhor a hist\u00f3ria da aposentada e o aparelho desenvolvido pela institui\u00e7\u00e3o.<\/p>\n\n\n\n<figure class=\"wp-block-embed aligncenter is-type-video is-provider-youtube wp-block-embed-youtube wp-embed-aspect-16-9 wp-has-aspect-ratio\"><div class=\"wp-block-embed__wrapper\">\n<iframe loading=\"lazy\" title=\"Pesquisa do IF Baiano moderniza a produ\u00e7\u00e3o de chocolate e fortalece pequenos produtores baianos\" width=\"500\" height=\"281\" src=\"https:\/\/www.youtube.com\/embed\/Zwi2S-WLqzM?feature=oembed\" frameborder=\"0\" allow=\"accelerometer; autoplay; clipboard-write; encrypted-media; gyroscope; picture-in-picture; web-share\" allowfullscreen><\/iframe>\n<\/div><\/figure>\n\n\n\n<hr class=\"wp-block-separator is-style-wide\" \/>\n\n\n\n<p>Mat\u00e9ria ASCOM dispon\u00edvel em:&nbsp;<em>https:\/\/ifbaiano.edu.br\/portal\/blog\/dia-do-cacau-saiba-como-o-if-baiano-atua-modernizando-a-producao-de-chocolate-e-capacitando-pequenos-produtores\/<\/em><\/p>\n","protected":false},"excerpt":{"rendered":"<p>Equipamento desenvolvido no IF Baiano promete otimizar a quebra do cacau e modernizar parte do complexo processo de produ\u00e7\u00e3o de chocolate Dia 26 de mar\u00e7o \u00e9 o Dia do Cacau, fruta que d\u00e1 origem ao chocolate: guloseima apreciada em todo o mundo. Para celebrar o Dia do Cacau, neste per\u00edodo de P\u00e1scoa em que o [&hellip;]<\/p>\n","protected":false},"author":146,"featured_media":8755,"comment_status":"open","ping_status":"open","sticky":false,"template":"","format":"standard","meta":[],"categories":[5,29,63],"tags":[272,273,171],"_links":{"self":[{"href":"https:\/\/www.ifbaiano.edu.br\/unidades\/valenca\/wp-json\/wp\/v2\/posts\/8745"}],"collection":[{"href":"https:\/\/www.ifbaiano.edu.br\/unidades\/valenca\/wp-json\/wp\/v2\/posts"}],"about":[{"href":"https:\/\/www.ifbaiano.edu.br\/unidades\/valenca\/wp-json\/wp\/v2\/types\/post"}],"author":[{"embeddable":true,"href":"https:\/\/www.ifbaiano.edu.br\/unidades\/valenca\/wp-json\/wp\/v2\/users\/146"}],"replies":[{"embeddable":true,"href":"https:\/\/www.ifbaiano.edu.br\/unidades\/valenca\/wp-json\/wp\/v2\/comments?post=8745"}],"version-history":[{"count":12,"href":"https:\/\/www.ifbaiano.edu.br\/unidades\/valenca\/wp-json\/wp\/v2\/posts\/8745\/revisions"}],"predecessor-version":[{"id":8759,"href":"https:\/\/www.ifbaiano.edu.br\/unidades\/valenca\/wp-json\/wp\/v2\/posts\/8745\/revisions\/8759"}],"wp:featuredmedia":[{"embeddable":true,"href":"https:\/\/www.ifbaiano.edu.br\/unidades\/valenca\/wp-json\/wp\/v2\/media\/8755"}],"wp:attachment":[{"href":"https:\/\/www.ifbaiano.edu.br\/unidades\/valenca\/wp-json\/wp\/v2\/media?parent=8745"}],"wp:term":[{"taxonomy":"category","embeddable":true,"href":"https:\/\/www.ifbaiano.edu.br\/unidades\/valenca\/wp-json\/wp\/v2\/categories?post=8745"},{"taxonomy":"post_tag","embeddable":true,"href":"https:\/\/www.ifbaiano.edu.br\/unidades\/valenca\/wp-json\/wp\/v2\/tags?post=8745"}],"curies":[{"name":"wp","href":"https:\/\/api.w.org\/{rel}","templated":true}]}}