{"id":8760,"date":"2023-03-27T09:56:44","date_gmt":"2023-03-27T12:56:44","guid":{"rendered":"https:\/\/www.ifbaiano.edu.br\/unidades\/valenca\/?p=8760"},"modified":"2023-03-27T09:56:45","modified_gmt":"2023-03-27T12:56:45","slug":"semana-escolar-de-combate-a-violencia-contra-a-mulher","status":"publish","type":"post","link":"https:\/\/www.ifbaiano.edu.br\/unidades\/valenca\/2023\/03\/27\/semana-escolar-de-combate-a-violencia-contra-a-mulher\/","title":{"rendered":"Semana Escolar de Combate \u00e0 Viol\u00eancia contra a Mulher"},"content":{"rendered":"\n<figure class=\"wp-block-image size-full\"><img decoding=\"async\" loading=\"lazy\" width=\"790\" height=\"224\" src=\"https:\/\/www.ifbaiano.edu.br\/unidades\/valenca\/files\/2023\/03\/banner_geni.png\" alt=\"\" class=\"wp-image-8764\" \/><\/figure>\n\n\n\n<p>Em atendimento \u00e0 Lei 14.464\/21, que institui a Semana Escolar de Combate \u00e0 Viol\u00eancia contra a Mulher, a ser realizada anualmente, no m\u00eas de mar\u00e7o, em todas as institui\u00e7\u00f5es p\u00fablicas e privadas de ensino da educa\u00e7\u00e3o b\u00e1sica, o N\u00facleo de Estudos em G\u00eanero e Sexualidade (Geni) convida toda comunidade do campus Valen\u00e7a para a Semana Escolar de Combate \u00e0 Viol\u00eancia contra a Mulher, de 27 a 30 de mar\u00e7o de 2023, tendo como p\u00fablico estudantes, servidores, terceirizados (as) e comunidade externa.<\/p>\n\n\n\n<p>O Geni Valen\u00e7a ir\u00e1 promover diversas atividades que contemplem os objetivos da lei: contribuir para o conhecimento das disposi\u00e7\u00f5es da Lei n\u00ba 11.340, de 7 de agosto de 2006 (Lei Maria da Penha); impulsionar a reflex\u00e3o cr\u00edtica entre estudantes, profissionais da educa\u00e7\u00e3o e comunidade escolar sobre a preven\u00e7\u00e3o e o combate \u00e0 viol\u00eancia contra a mulher; integrar a comunidade escolar no desenvolvimento de estrat\u00e9gias para o enfrentamento das diversas formas de viol\u00eancia, notadamente contra a mulher; abordar os mecanismos de assist\u00eancia \u00e0 mulher em situa\u00e7\u00e3o de viol\u00eancia dom\u00e9stica e familiar, seus instrumentos protetivos e os meios para o registro de den\u00fancias; capacitar educadores e conscientizar a comunidade sobre viol\u00eancia nas rela\u00e7\u00f5es afetivas; promover a igualdade entre homens e mulheres, de modo a prevenir e a coibir a viol\u00eancia contra a mulher; promover a produ\u00e7\u00e3o e a distribui\u00e7\u00e3o de materiais educativos relativos ao combate da viol\u00eancia contra a mulher nas institui\u00e7\u00f5es de ensino.<\/p>\n\n\n\n<p>Enquanto institui\u00e7\u00e3o de educa\u00e7\u00e3o p\u00fablica, gratuita e de qualidade, nosso dever \u00e9 trabalhar para a preven\u00e7\u00e3o e combate a todas as formas de viol\u00eancia. Contamos com a colabora\u00e7\u00e3o de todos(as), seja participando, divulgando, levando os estudantes para as atividades. Essa constru\u00e7\u00e3o coletiva \u00e9 essencial para que o debate n\u00e3o fique apenas ilustrativo.<\/p>\n\n\n\n<p>Link para Inscri\u00e7\u00e3o: <a href=\"https:\/\/suap.ifbaiano.edu.br\/eventos\/inscricao_publica\/934\/\">https:\/\/suap.ifbaiano.edu.br\/eventos\/inscricao_publica\/934\/<\/a><\/p>\n\n\n\n<p>Para mais informa\u00e7\u00f5es acesse <a href=\"https:\/\/suap.ifbaiano.edu.br\/eventos\/evento\/934\/\">aqui<\/a> a p\u00e1gina do evento. <\/p>\n","protected":false},"excerpt":{"rendered":"<p>Em atendimento \u00e0 Lei 14.464\/21, que institui a Semana Escolar de Combate \u00e0 Viol\u00eancia contra a Mulher, a ser realizada anualmente, no m\u00eas de mar\u00e7o, em todas as institui\u00e7\u00f5es p\u00fablicas e privadas de ensino da educa\u00e7\u00e3o b\u00e1sica, o N\u00facleo de Estudos em G\u00eanero e Sexualidade (Geni) convida toda comunidade do campus Valen\u00e7a para a Semana [&hellip;]<\/p>\n","protected":false},"author":146,"featured_media":8762,"comment_status":"open","ping_status":"open","sticky":false,"template":"","format":"standard","meta":[],"categories":[5,61,26,29,63],"tags":[274],"_links":{"self":[{"href":"https:\/\/www.ifbaiano.edu.br\/unidades\/valenca\/wp-json\/wp\/v2\/posts\/8760"}],"collection":[{"href":"https:\/\/www.ifbaiano.edu.br\/unidades\/valenca\/wp-json\/wp\/v2\/posts"}],"about":[{"href":"https:\/\/www.ifbaiano.edu.br\/unidades\/valenca\/wp-json\/wp\/v2\/types\/post"}],"author":[{"embeddable":true,"href":"https:\/\/www.ifbaiano.edu.br\/unidades\/valenca\/wp-json\/wp\/v2\/users\/146"}],"replies":[{"embeddable":true,"href":"https:\/\/www.ifbaiano.edu.br\/unidades\/valenca\/wp-json\/wp\/v2\/comments?post=8760"}],"version-history":[{"count":5,"href":"https:\/\/www.ifbaiano.edu.br\/unidades\/valenca\/wp-json\/wp\/v2\/posts\/8760\/revisions"}],"predecessor-version":[{"id":8768,"href":"https:\/\/www.ifbaiano.edu.br\/unidades\/valenca\/wp-json\/wp\/v2\/posts\/8760\/revisions\/8768"}],"wp:featuredmedia":[{"embeddable":true,"href":"https:\/\/www.ifbaiano.edu.br\/unidades\/valenca\/wp-json\/wp\/v2\/media\/8762"}],"wp:attachment":[{"href":"https:\/\/www.ifbaiano.edu.br\/unidades\/valenca\/wp-json\/wp\/v2\/media?parent=8760"}],"wp:term":[{"taxonomy":"category","embeddable":true,"href":"https:\/\/www.ifbaiano.edu.br\/unidades\/valenca\/wp-json\/wp\/v2\/categories?post=8760"},{"taxonomy":"post_tag","embeddable":true,"href":"https:\/\/www.ifbaiano.edu.br\/unidades\/valenca\/wp-json\/wp\/v2\/tags?post=8760"}],"curies":[{"name":"wp","href":"https:\/\/api.w.org\/{rel}","templated":true}]}}