{"id":8774,"date":"2023-03-27T17:07:16","date_gmt":"2023-03-27T20:07:16","guid":{"rendered":"https:\/\/www.ifbaiano.edu.br\/unidades\/valenca\/?p=8774"},"modified":"2023-03-27T17:07:17","modified_gmt":"2023-03-27T20:07:17","slug":"proex-divulga-editais-com-94-bolsas-de-extensao","status":"publish","type":"post","link":"https:\/\/www.ifbaiano.edu.br\/unidades\/valenca\/2023\/03\/27\/proex-divulga-editais-com-94-bolsas-de-extensao\/","title":{"rendered":"Proex divulga editais com 94 bolsas de extens\u00e3o"},"content":{"rendered":"\n<p>A Pr\u00f3-reitoria de Extens\u00e3o lan\u00e7ou dois editais do Programa Institucional de Bolsas de Extens\u00e3o \u2013 PIBIEX. O prazo de submiss\u00e3o de propostas de projetos de extens\u00e3o para financiamento de bolsas para estudantes de gradua\u00e7\u00e3o e para os de n\u00edvel m\u00e9dio inicia na pr\u00f3xima quinta-feira, 30.<\/p>\n\n\n\n<p>S\u00e3o 39 vagas para PIBIEX \u2013 Gradua\u00e7\u00e3o e 55 vagas de PIBIEX \u2013 Jr, distribu\u00eddas entre os&nbsp;<em>campi<\/em>.&nbsp; Para estudantes de gradua\u00e7\u00e3o a bolsa \u00e9 de R$ 700,00 e para o PIBIEX \u2013 Jr \u00e9 de R$ 300,00. Os projetos receber\u00e3o tamb\u00e9m aux\u00edlio financeiro para despesas de custeio de at\u00e9 R$ 1.200,00 para n\u00edvel m\u00e9dio e at\u00e9 R$ 2.400,00 para n\u00edvel superior. O prazo para enviar propostas termina no dia 19 de maio.<\/p>\n\n\n\n<p>A submiss\u00e3o \u00e9 realizada pelo Sistema Unificado de Administra\u00e7\u00e3o \u2013 SUAP. A extens\u00e3o profissional, cient\u00edfica e tecnol\u00f3gica \u00e9 definida pelo F\u00f3rum de Extens\u00e3o da Rede Federal de Educa\u00e7\u00e3o Profissional, Cient\u00edfica e Tecnol\u00f3gica como: processo educativo, cultural, social, cient\u00edfico e tecnol\u00f3gico que promove a intera\u00e7\u00e3o entre as institui\u00e7\u00f5es, os segmentos sociais e o mundo do trabalho com \u00eanfase na produ\u00e7\u00e3o, desenvolvimento e difus\u00e3o de conhecimentos cient\u00cdficos e tecnol\u00f3gicos visando ao desenvolvimento socioecon\u00f4mico sustent\u00e1vel local e regional.<br><br>O Programa Institucional de Bolsas de Extens\u00e3o \u2013 PIBIEX tem como objetivo contribuir para a forma\u00e7\u00e3o educacional, profissional e cidad\u00e3, proporcionada pelas experi\u00eancias dos discentes realizadas junto \u00e0 comunidade interna e externa; incentivar a participa\u00e7\u00e3o de discentes em projetos de extens\u00e3o desenvolvidos por extensionistas do IF Baiano; promover o envolvimento de discentes e servidores em atividades de extens\u00e3o, favorecendo a integra\u00e7\u00e3o entre as unidades do IF Baiano e a sociedade; oportunizar maior democratiza\u00e7\u00e3o do saber, fortalecendo a indissociabilidade entre Ensino, Pesquisa e Extens\u00e3o; contribuir para o processo de fortalecimento social e cultural dos territ\u00f3rios de identidade, contemplando os arranjos produtivos relacionados ao perfil de cada unidade do IF Baiano;&nbsp;<\/p>\n\n\n\n<p>Os projetos selecionados pela Pr\u00f3-Reitoria de Extens\u00e3o (Proex) ser\u00e3o contemplados com bolsas durante 7 meses. Cada projeto pode receber apenas uma bolsa. Veja como elas est\u00e3o distribu\u00eddas pelos campi:<\/p>\n\n\n\n<p><strong>PIBIEX \u2013 JR:<\/strong><strong><br><\/strong><strong><br><\/strong>Alagoinhas \u2013 6<\/p>\n\n\n\n<p>Bom Jesus da Lapa \u2013 3<\/p>\n\n\n\n<p>Catu \u2013 4<\/p>\n\n\n\n<p>Governador Mangabeira \u2013 6<\/p>\n\n\n\n<p>Guanambi \u2013 2<\/p>\n\n\n\n<p>Itaberaba \u2013 4<\/p>\n\n\n\n<p>Itapetinga \u2013 3<\/p>\n\n\n\n<p>Santa In\u00eas \u2013 5<\/p>\n\n\n\n<p>Senhor do Bonfim \u2013 2<\/p>\n\n\n\n<p>Serrinha \u2013 3<\/p>\n\n\n\n<p>Teixeira de Freitas \u2013 2<\/p>\n\n\n\n<p>Uru\u00e7uca \u2013 4<\/p>\n\n\n\n<p>Valen\u00e7a \u2013 4<\/p>\n\n\n\n<p>Xique-Xique \u2013 7<\/p>\n\n\n\n<p><strong>PIBIEX \u2013 SUPERIOR<\/strong><\/p>\n\n\n\n<p>Alagoinhas \u2013 0<\/p>\n\n\n\n<p>Bom Jesus da Lapa \u2013 5<\/p>\n\n\n\n<p>Catu \u2013 4<\/p>\n\n\n\n<p>Governador Mangabeira \u2013 0<\/p>\n\n\n\n<p>Guanambi \u2013 7<\/p>\n\n\n\n<p>Itaberaba \u2013 0<\/p>\n\n\n\n<p>Itapetinga \u2013 1<\/p>\n\n\n\n<p>Santa In\u00eas \u2013 5<\/p>\n\n\n\n<p>Senhor do Bonfim \u2013 3<\/p>\n\n\n\n<p>Serrinha \u2013 4<\/p>\n\n\n\n<p>Teixeira de Freitas \u2013 3<\/p>\n\n\n\n<p>Uru\u00e7uca \u2013 5<\/p>\n\n\n\n<p>Valen\u00e7a \u2013 2<\/p>\n\n\n\n<p>Xique-Xique \u2013 0<br><br>Para saber as condi\u00e7\u00f5es de participa\u00e7\u00e3o do bolsista, requisitos do orientador e tudo o que deve compor a proposta, \u00e9 necess\u00e1rio acessar os editais:<\/p>\n\n\n\n<p><a href=\"https:\/\/concurso.ifbaiano.edu.br\/portal\/pibiex-superior-2023\/wp-content\/uploads\/sites\/772\/2023\/03\/Edital-PIBIEX-Superior-no-38-2023-Edital-Completo.pdf\">Edital PIBIEX \u2013 Gradua\u00e7\u00e3o<\/a><\/p>\n\n\n\n<p><a href=\"https:\/\/concurso.ifbaiano.edu.br\/portal\/pibiex-junior-2023\/wp-content\/uploads\/sites\/771\/2023\/03\/Edital-PIBIEX-Junior-no-37-2023-Edital-Completo.pdf\">Edital PIBIEX \u2013 N\u00edvel M\u00e9dio<\/a><\/p>\n\n\n\n<hr class=\"wp-block-separator is-style-wide\" \/>\n\n\n\n<p>Mat\u00e9ria ASCOM dispon\u00edvel em: <em>https:\/\/ifbaiano.edu.br\/portal\/blog\/proex-divulga-editais-com-94-bolsas-de-extensao\/<\/em><\/p>\n","protected":false},"excerpt":{"rendered":"<p>A Pr\u00f3-reitoria de Extens\u00e3o lan\u00e7ou dois editais do Programa Institucional de Bolsas de Extens\u00e3o \u2013 PIBIEX. O prazo de submiss\u00e3o de propostas de projetos de extens\u00e3o para financiamento de bolsas para estudantes de gradua\u00e7\u00e3o e para os de n\u00edvel m\u00e9dio inicia na pr\u00f3xima quinta-feira, 30. S\u00e3o 39 vagas para PIBIEX \u2013 Gradua\u00e7\u00e3o e 55 vagas [&hellip;]<\/p>\n","protected":false},"author":146,"featured_media":8775,"comment_status":"open","ping_status":"open","sticky":false,"template":"","format":"standard","meta":[],"categories":[63],"tags":[65,66,200,196,276],"_links":{"self":[{"href":"https:\/\/www.ifbaiano.edu.br\/unidades\/valenca\/wp-json\/wp\/v2\/posts\/8774"}],"collection":[{"href":"https:\/\/www.ifbaiano.edu.br\/unidades\/valenca\/wp-json\/wp\/v2\/posts"}],"about":[{"href":"https:\/\/www.ifbaiano.edu.br\/unidades\/valenca\/wp-json\/wp\/v2\/types\/post"}],"author":[{"embeddable":true,"href":"https:\/\/www.ifbaiano.edu.br\/unidades\/valenca\/wp-json\/wp\/v2\/users\/146"}],"replies":[{"embeddable":true,"href":"https:\/\/www.ifbaiano.edu.br\/unidades\/valenca\/wp-json\/wp\/v2\/comments?post=8774"}],"version-history":[{"count":1,"href":"https:\/\/www.ifbaiano.edu.br\/unidades\/valenca\/wp-json\/wp\/v2\/posts\/8774\/revisions"}],"predecessor-version":[{"id":8776,"href":"https:\/\/www.ifbaiano.edu.br\/unidades\/valenca\/wp-json\/wp\/v2\/posts\/8774\/revisions\/8776"}],"wp:featuredmedia":[{"embeddable":true,"href":"https:\/\/www.ifbaiano.edu.br\/unidades\/valenca\/wp-json\/wp\/v2\/media\/8775"}],"wp:attachment":[{"href":"https:\/\/www.ifbaiano.edu.br\/unidades\/valenca\/wp-json\/wp\/v2\/media?parent=8774"}],"wp:term":[{"taxonomy":"category","embeddable":true,"href":"https:\/\/www.ifbaiano.edu.br\/unidades\/valenca\/wp-json\/wp\/v2\/categories?post=8774"},{"taxonomy":"post_tag","embeddable":true,"href":"https:\/\/www.ifbaiano.edu.br\/unidades\/valenca\/wp-json\/wp\/v2\/tags?post=8774"}],"curies":[{"name":"wp","href":"https:\/\/api.w.org\/{rel}","templated":true}]}}