{"id":880,"date":"2011-10-24T07:19:49","date_gmt":"2011-10-24T07:19:49","guid":{"rendered":"http:\/\/www.ifbaiano.edu.br\/unidades\/valenca\/?p=880"},"modified":"2011-10-24T12:51:54","modified_gmt":"2011-10-24T12:51:54","slug":"inscricoes-para-o-curso-de-especializacao-em-lingua-brasileira-de-sinais-libras","status":"publish","type":"post","link":"https:\/\/www.ifbaiano.edu.br\/unidades\/valenca\/2011\/10\/24\/inscricoes-para-o-curso-de-especializacao-em-lingua-brasileira-de-sinais-libras\/","title":{"rendered":"Inscri\u00e7\u00f5es para o Curso de Especializa\u00e7\u00e3o em L\u00edngua Brasileira de Sinais &#8211; LIBRAS"},"content":{"rendered":"<p>No per\u00edodo de 24 de outubro a 07 de novembro de 2011 estar\u00e3o abertas as inscri\u00e7\u00f5es para o Curso de Especializa\u00e7\u00e3o em L\u00edngua Brasileira de Sinais &#8211; LIBRAS.\u00a0As inscri\u00e7\u00f5es s\u00e3o gratuitas e devem ser realizadas no site\u00a0 <a href=\"http:\/\/www.concursos.ifbaiano.edu.br\/\">www.concursos.ifbaiano.edu.br<\/a><\/p>\n<p>O curso\u00a0oferece 35 vagas e\u00a0o Processo Seletivo ser\u00e1 realizado em duas etapas: uma prova escrita e a an\u00e1lise dos documentos do candidato.\u00a0<\/p>\n<p>A prova escrita ser\u00e1 realizada no dia 13 de novembro de 2011.<\/p>\n<p>Com curso tem carga hor\u00e1ria de 360 horas, e\u00a0as aulas ser\u00e3o realizadas em Salvador, quinzenalmente, em local a ser informado no ato da matr\u00edcula.<\/p>\n<p>A\u00a0Especializa\u00e7\u00e3o em L\u00edngua Brasileira de Sinais \u2013 LIBRAS constitui-se numa das linhas de a\u00e7\u00e3o do Projeto Educa\u00e7\u00e3o Inclusiva: Constru\u00e7\u00e3o de pr\u00e1ticas e culturas no IF Baiano. Este curso destina-se aos Servidores do IF Baiano e \u00e0 comunidade externa que atuam na Educa\u00e7\u00e3o das Redes Federal, Estadual, Municipal e representantes de ONG.<\/p>\n<p>Acesse \u00a0Edital completo\u00a0\u00a0no site\u00a0 <a href=\"http:\/\/www.concursos.ifbaiano.edu.br\/\">www.concursos.ifbaiano.edu.br<\/a>.<\/p>\n","protected":false},"excerpt":{"rendered":"<p>No per\u00edodo de 24 de outubro a 07 de novembro de 2011 estar\u00e3o abertas as inscri\u00e7\u00f5es para o Curso de Especializa\u00e7\u00e3o em L\u00edngua Brasileira de Sinais &#8211; LIBRAS.\u00a0As inscri\u00e7\u00f5es s\u00e3o gratuitas e devem ser realizadas no site\u00a0 www.concursos.ifbaiano.edu.br O curso\u00a0oferece 35 vagas e\u00a0o Processo Seletivo ser\u00e1 realizado em duas etapas: uma prova escrita e a [&hellip;]<\/p>\n","protected":false},"author":6,"featured_media":0,"comment_status":"open","ping_status":"open","sticky":false,"template":"","format":"standard","meta":[],"categories":[5,9],"tags":[],"_links":{"self":[{"href":"https:\/\/www.ifbaiano.edu.br\/unidades\/valenca\/wp-json\/wp\/v2\/posts\/880"}],"collection":[{"href":"https:\/\/www.ifbaiano.edu.br\/unidades\/valenca\/wp-json\/wp\/v2\/posts"}],"about":[{"href":"https:\/\/www.ifbaiano.edu.br\/unidades\/valenca\/wp-json\/wp\/v2\/types\/post"}],"author":[{"embeddable":true,"href":"https:\/\/www.ifbaiano.edu.br\/unidades\/valenca\/wp-json\/wp\/v2\/users\/6"}],"replies":[{"embeddable":true,"href":"https:\/\/www.ifbaiano.edu.br\/unidades\/valenca\/wp-json\/wp\/v2\/comments?post=880"}],"version-history":[{"count":5,"href":"https:\/\/www.ifbaiano.edu.br\/unidades\/valenca\/wp-json\/wp\/v2\/posts\/880\/revisions"}],"predecessor-version":[{"id":882,"href":"https:\/\/www.ifbaiano.edu.br\/unidades\/valenca\/wp-json\/wp\/v2\/posts\/880\/revisions\/882"}],"wp:attachment":[{"href":"https:\/\/www.ifbaiano.edu.br\/unidades\/valenca\/wp-json\/wp\/v2\/media?parent=880"}],"wp:term":[{"taxonomy":"category","embeddable":true,"href":"https:\/\/www.ifbaiano.edu.br\/unidades\/valenca\/wp-json\/wp\/v2\/categories?post=880"},{"taxonomy":"post_tag","embeddable":true,"href":"https:\/\/www.ifbaiano.edu.br\/unidades\/valenca\/wp-json\/wp\/v2\/tags?post=880"}],"curies":[{"name":"wp","href":"https:\/\/api.w.org\/{rel}","templated":true}]}}