{"id":8827,"date":"2023-04-19T10:54:08","date_gmt":"2023-04-19T13:54:08","guid":{"rendered":"https:\/\/www.ifbaiano.edu.br\/unidades\/valenca\/?p=8827"},"modified":"2023-04-19T10:58:40","modified_gmt":"2023-04-19T13:58:40","slug":"minuta-do-regimento-interno-esta-aberta-a-contribuicoes","status":"publish","type":"post","link":"https:\/\/www.ifbaiano.edu.br\/unidades\/valenca\/2023\/04\/19\/minuta-do-regimento-interno-esta-aberta-a-contribuicoes\/","title":{"rendered":"Minuta do Regimento Interno est\u00e1 aberta a contribui\u00e7\u00f5es"},"content":{"rendered":"\n<p><em>Per\u00edodo de participa\u00e7\u00e3o vai at\u00e9 26 de abril<\/em><\/p>\n\n\n\n<p>O Instituto Federal Baiano (IF Baiano) &#8211; <em>Campus<\/em> Valen\u00e7a, por meio de Consulta P\u00fablica, disponibiliza para aprecia\u00e7\u00e3o da comunidade a minuta de Regimento Interno da estrutura organizacional e as compet\u00eancias das unidades administrativas dos campi Itapetinga, Teixeira de Freitas, Uru\u00e7uca e Valen\u00e7a. <br>O objetivo \u00e9 que as contribui\u00e7\u00f5es ajudem a aprimorar o regimento que trabalha a regulamenta\u00e7\u00e3o interna do Instituto. <\/p>\n\n\n\n<figure class=\"wp-block-image size-full is-style-default\"><img decoding=\"async\" loading=\"lazy\" width=\"1080\" height=\"1080\" src=\"https:\/\/www.ifbaiano.edu.br\/unidades\/valenca\/files\/2023\/04\/Minuta-interna-IF-Valenca.png\" alt=\"\" class=\"wp-image-8842\" \/><\/figure>\n\n\n\n<p>Os interessados em opinar dever\u00e3o encaminhar as sugest\u00f5es no per\u00edodo de<strong> 18 a 26 de abril de 2023<\/strong>, atrav\u00e9s de <strong><a href=\"http:\/\/opinanovo.ifbaiano.edu.br\/index.php\/273853?lang=pt-BR\">formul\u00e1rio eletr\u00f4nico<\/a><\/strong>.  <\/p>\n\n\n\n<p>Acesse <a href=\"https:\/\/www.ifbaiano.edu.br\/unidades\/valenca\/files\/2023\/04\/Minuta-do-Regimento-Interno-dos-campi.pdf\"><strong>aqui<\/strong><\/a> a minuta, conhe\u00e7a a proposta e d\u00ea sua contribui\u00e7\u00e3o. <\/p>\n\n\n\n<div id=\"ProreitoriaTopoTitulo\">\n\t\t\t\t\tDocumentos\n\t\t\t\t<\/div>\n\n\n\n<div class=\"wp-block-file\"><a href=\"https:\/\/www.ifbaiano.edu.br\/unidades\/valenca\/files\/2023\/04\/Minuta-do-Regimento-Interno-dos-campi.pdf\">Minuta do Regimento Interno dos campi<\/a><\/div>\n","protected":false},"excerpt":{"rendered":"<p>Per\u00edodo de participa\u00e7\u00e3o vai at\u00e9 26 de abril O Instituto Federal Baiano (IF Baiano) &#8211; Campus Valen\u00e7a, por meio de Consulta P\u00fablica, disponibiliza para aprecia\u00e7\u00e3o da comunidade a minuta de Regimento Interno da estrutura organizacional e as compet\u00eancias das unidades administrativas dos campi Itapetinga, Teixeira de Freitas, Uru\u00e7uca e Valen\u00e7a. O objetivo \u00e9 que as [&hellip;]<\/p>\n","protected":false},"author":146,"featured_media":8842,"comment_status":"open","ping_status":"open","sticky":false,"template":"","format":"standard","meta":[],"categories":[33,5,63],"tags":[],"_links":{"self":[{"href":"https:\/\/www.ifbaiano.edu.br\/unidades\/valenca\/wp-json\/wp\/v2\/posts\/8827"}],"collection":[{"href":"https:\/\/www.ifbaiano.edu.br\/unidades\/valenca\/wp-json\/wp\/v2\/posts"}],"about":[{"href":"https:\/\/www.ifbaiano.edu.br\/unidades\/valenca\/wp-json\/wp\/v2\/types\/post"}],"author":[{"embeddable":true,"href":"https:\/\/www.ifbaiano.edu.br\/unidades\/valenca\/wp-json\/wp\/v2\/users\/146"}],"replies":[{"embeddable":true,"href":"https:\/\/www.ifbaiano.edu.br\/unidades\/valenca\/wp-json\/wp\/v2\/comments?post=8827"}],"version-history":[{"count":12,"href":"https:\/\/www.ifbaiano.edu.br\/unidades\/valenca\/wp-json\/wp\/v2\/posts\/8827\/revisions"}],"predecessor-version":[{"id":8855,"href":"https:\/\/www.ifbaiano.edu.br\/unidades\/valenca\/wp-json\/wp\/v2\/posts\/8827\/revisions\/8855"}],"wp:featuredmedia":[{"embeddable":true,"href":"https:\/\/www.ifbaiano.edu.br\/unidades\/valenca\/wp-json\/wp\/v2\/media\/8842"}],"wp:attachment":[{"href":"https:\/\/www.ifbaiano.edu.br\/unidades\/valenca\/wp-json\/wp\/v2\/media?parent=8827"}],"wp:term":[{"taxonomy":"category","embeddable":true,"href":"https:\/\/www.ifbaiano.edu.br\/unidades\/valenca\/wp-json\/wp\/v2\/categories?post=8827"},{"taxonomy":"post_tag","embeddable":true,"href":"https:\/\/www.ifbaiano.edu.br\/unidades\/valenca\/wp-json\/wp\/v2\/tags?post=8827"}],"curies":[{"name":"wp","href":"https:\/\/api.w.org\/{rel}","templated":true}]}}