{"id":883,"date":"2011-10-23T00:40:18","date_gmt":"2011-10-23T00:40:18","guid":{"rendered":"http:\/\/www.ifbaiano.edu.br\/unidades\/valenca\/?p=883"},"modified":"2011-10-23T00:44:53","modified_gmt":"2011-10-23T00:44:53","slug":"106-plena-do-sinasefe-nacional-aprovou-a-suspensao-da-greve","status":"publish","type":"post","link":"https:\/\/www.ifbaiano.edu.br\/unidades\/valenca\/2011\/10\/23\/106-plena-do-sinasefe-nacional-aprovou-a-suspensao-da-greve\/","title":{"rendered":"106\u00aa PLENA DO SINASEFE NACIONAL APROVOU A SUSPENS\u00c3O DA GREVE"},"content":{"rendered":"<p>A\u00a0106\u00aa PLENA do SINASEFE Nacional, que aconteceu hoje (22\/10),\u00a0em Bras\u00edlia,\u00a0 aprovou a SUSPENS\u00c3O (e n\u00e3o fim) da greve e as se\u00e7\u00f5es locais tem at\u00e9 o dia 28\/10 para analisar essa decis\u00e3o.<\/p>\n<p>Sendo acatada pela Se\u00e7\u00e3o local a SUSPENS\u00c3O da greve, ser\u00e1 ent\u00e3o decidido o dia do retorno as atividades e reformula\u00e7\u00e3o do calend\u00e1rio letivo.<\/p>\n<p>Logo, ainda N\u00c3O se tem data para o retorno das atividades, mas ser\u00e1 em breve. Isso ser\u00e1 decidido em assembl\u00e9ia. N\u00e3o se preocupe, a retomada das atividades ser\u00e1 amplamente divulgada.\u00a0<\/p>\n<p>A SUSPENS\u00c3O da greve n\u00e3o significa o FIM da greve. A mesma foi suspensa para que se possa negociar com o governo e se assim o ocorrer avaliar as suas propostas. N\u00f3s nos manteremos em \u201cESTADO DE GREVE\u201d. Qualquer a\u00e7\u00e3o contr\u00e1ria por parte do Governo implicar\u00e1 em retomada da paralisa\u00e7\u00e3o se assim a Assembl\u00e9ia Sindical decidir.<\/p>\n<div>\n<div><span style=\"font-size: small\">VOTOS:<br \/>\nSuspens\u00e3o: 29<br \/>\nEncerrar a greve: 14<br \/>\nAbsten\u00e7\u00f5es: 2<br \/>\n<\/span><\/div>\n<\/div>\n<p style=\"text-align: right\">\u00a0Texto obtido da se\u00e7\u00e3o sindical de Salinas.<\/p>\n<p>&nbsp;<\/p>\n","protected":false},"excerpt":{"rendered":"<p>A\u00a0106\u00aa PLENA do SINASEFE Nacional, que aconteceu hoje (22\/10),\u00a0em Bras\u00edlia,\u00a0 aprovou a SUSPENS\u00c3O (e n\u00e3o fim) da greve e as se\u00e7\u00f5es locais tem at\u00e9 o dia 28\/10 para analisar essa decis\u00e3o. Sendo acatada pela Se\u00e7\u00e3o local a SUSPENS\u00c3O da greve, ser\u00e1 ent\u00e3o decidido o dia do retorno as atividades e reformula\u00e7\u00e3o do calend\u00e1rio letivo. Logo, [&hellip;]<\/p>\n","protected":false},"author":6,"featured_media":0,"comment_status":"open","ping_status":"open","sticky":false,"template":"","format":"standard","meta":[],"categories":[5,24],"tags":[],"_links":{"self":[{"href":"https:\/\/www.ifbaiano.edu.br\/unidades\/valenca\/wp-json\/wp\/v2\/posts\/883"}],"collection":[{"href":"https:\/\/www.ifbaiano.edu.br\/unidades\/valenca\/wp-json\/wp\/v2\/posts"}],"about":[{"href":"https:\/\/www.ifbaiano.edu.br\/unidades\/valenca\/wp-json\/wp\/v2\/types\/post"}],"author":[{"embeddable":true,"href":"https:\/\/www.ifbaiano.edu.br\/unidades\/valenca\/wp-json\/wp\/v2\/users\/6"}],"replies":[{"embeddable":true,"href":"https:\/\/www.ifbaiano.edu.br\/unidades\/valenca\/wp-json\/wp\/v2\/comments?post=883"}],"version-history":[{"count":4,"href":"https:\/\/www.ifbaiano.edu.br\/unidades\/valenca\/wp-json\/wp\/v2\/posts\/883\/revisions"}],"predecessor-version":[{"id":886,"href":"https:\/\/www.ifbaiano.edu.br\/unidades\/valenca\/wp-json\/wp\/v2\/posts\/883\/revisions\/886"}],"wp:attachment":[{"href":"https:\/\/www.ifbaiano.edu.br\/unidades\/valenca\/wp-json\/wp\/v2\/media?parent=883"}],"wp:term":[{"taxonomy":"category","embeddable":true,"href":"https:\/\/www.ifbaiano.edu.br\/unidades\/valenca\/wp-json\/wp\/v2\/categories?post=883"},{"taxonomy":"post_tag","embeddable":true,"href":"https:\/\/www.ifbaiano.edu.br\/unidades\/valenca\/wp-json\/wp\/v2\/tags?post=883"}],"curies":[{"name":"wp","href":"https:\/\/api.w.org\/{rel}","templated":true}]}}