{"id":8834,"date":"2023-04-17T15:04:35","date_gmt":"2023-04-17T18:04:35","guid":{"rendered":"https:\/\/www.ifbaiano.edu.br\/unidades\/valenca\/?p=8834"},"modified":"2023-04-17T15:27:47","modified_gmt":"2023-04-17T18:27:47","slug":"if-baiano-discute-demanda-por-profissionalizacao-em-valenca-com-representantes-comerciais-e-politicos","status":"publish","type":"post","link":"https:\/\/www.ifbaiano.edu.br\/unidades\/valenca\/2023\/04\/17\/if-baiano-discute-demanda-por-profissionalizacao-em-valenca-com-representantes-comerciais-e-politicos\/","title":{"rendered":"IF Baiano discute demanda por profissionaliza\u00e7\u00e3o em Valen\u00e7a com representantes comerciais e pol\u00edticos"},"content":{"rendered":"\n<p>No dia 11 de abril, o reitor A\u00e9cio Jos\u00e9 Duarte e o diretor do Campus Valen\u00e7a, Geovane Lima Guimar\u00e3es, estiveram em reuni\u00e3o com representantes pol\u00edticos e comerciais de Valen\u00e7a na Casa do Com\u00e9rcio do munic\u00edpio para discutir e pensar uma adequa\u00e7\u00e3o da oferta de cursos do IF Baiano \u00e0 necessidade local e regional. O reitor e o diretor do campus estavam acompanhados pelo assessor especial, Rodney Barbosa, e pelo procurador do IF Baiano, Osvaldo Almeida Neto.<\/p>\n\n\n\n<p>Participaram do encontro o presidente da Associa\u00e7\u00e3o Comercial e Empresarial (ACE) de Valen\u00e7a, Vidalto Oiticica; o presidente do Sindicato Patronal do Com\u00e9rcio Varejista de Valen\u00e7a, Elton Cunha Negr\u00e3o; o advogado Evaldo Farias, representante do deputado federal Raimundo Costa; Secret\u00e1rio de Desenvolvimento do munic\u00edpio de Valen\u00e7a, Ademir Costa; al\u00e9m de representantes da CEPLAC, Cia T\u00eaxtil de Valen\u00e7a, Rotary Clube, Ma\u00e7onaria, Lions, CDL, entre outros empres\u00e1rios do setor de servi\u00e7os, com\u00e9rcio e ind\u00fastria da regi\u00e3o.<\/p>\n\n\n\n<p>Os empres\u00e1rios apresentaram ao reitor a necessidade urgente de abertura de novos cursos que atendam \u00e0s demandas da comunidade e que contribuam para o desenvolvimento do territ\u00f3rio. De acordo com a prefeitura, 70% dos empregos gerados no munic\u00edpio s\u00e3o para \u00e1rea do com\u00e9rcio e servi\u00e7os, os outros s\u00e3o provenientes do setor industrial e do setor agr\u00e1rio.<\/p>\n\n\n\n<p>Por isso, discutiu-se a possibilidade de implementa\u00e7\u00e3o de cursos FIC em inform\u00e1tica, culin\u00e1ria, vendas; cursos t\u00e9cnicos nas \u00e1reas de agroind\u00fastria e gest\u00e3o; e cursos superiores nas \u00e1reas de Administra\u00e7\u00e3o, Produ\u00e7\u00e3o, Log\u00edstica e Gest\u00e3o de Pessoas. O IF Baiano \u2013 Campus Valen\u00e7a vem consultando a comunidade e atendendo suas demandas por profissionaliza\u00e7\u00e3o.<br><br>Recentemente, foi ofertado o curso de Cooperativismo e Empreendimentos Solid\u00e1rios, sugerido pelo&nbsp; n\u00facleo de Agricultores do Programa Empreender da Associa\u00e7\u00e3o Comercial e Empresarial de Valen\u00e7a \u2013 ACE.<br><br>Para o reitor, \u00e9 preciso fazer um processo educacional integrado em todos os n\u00edveis e em todas as vertentes de atua\u00e7\u00e3o do desenvolvimento. \u201cOs investimentos, as iniciativas todas passam pela consolida\u00e7\u00e3o do processo educacional na regi\u00e3o, \u00e9 atrav\u00e9s da transforma\u00e7\u00e3o que a educa\u00e7\u00e3o propicia que verdadeiramente n\u00f3s vamos dar lastro a toda e qualquer iniciativa que for feita\u201d, disse o reitor A\u00e9cio Jos\u00e9 Duarte para os presentes na reuni\u00e3o.<\/p>\n\n\n\n<p>Na ocasi\u00e3o, os presentes refor\u00e7aram a import\u00e2ncia da constru\u00e7\u00e3o de pontes entre o Instituto e a cadeia produtiva e comercial da regi\u00e3o para que os estudantes formados possam ser absorvidos pelo mercado.<\/p>\n\n\n\n<figure class=\"wp-block-gallery columns-3 is-cropped wp-block-gallery-1 is-layout-flex\"><ul class=\"blocks-gallery-grid\"><li class=\"blocks-gallery-item\"><figure><img decoding=\"async\" loading=\"lazy\" width=\"1024\" height=\"768\" src=\"https:\/\/www.ifbaiano.edu.br\/unidades\/valenca\/files\/2023\/04\/img-01.jpeg\" alt=\"\" data-id=\"8835\" data-full-url=\"https:\/\/www.ifbaiano.edu.br\/unidades\/valenca\/files\/2023\/04\/img-01.jpeg\" data-link=\"https:\/\/www.ifbaiano.edu.br\/unidades\/valenca\/?attachment_id=8835\" class=\"wp-image-8835\" \/><\/figure><\/li><li class=\"blocks-gallery-item\"><figure><img decoding=\"async\" loading=\"lazy\" width=\"1024\" height=\"768\" src=\"https:\/\/www.ifbaiano.edu.br\/unidades\/valenca\/files\/2023\/04\/img-02.jpeg\" alt=\"\" data-id=\"8836\" data-full-url=\"https:\/\/www.ifbaiano.edu.br\/unidades\/valenca\/files\/2023\/04\/img-02.jpeg\" data-link=\"https:\/\/www.ifbaiano.edu.br\/unidades\/valenca\/?attachment_id=8836\" class=\"wp-image-8836\" \/><\/figure><\/li><li class=\"blocks-gallery-item\"><figure><img decoding=\"async\" loading=\"lazy\" width=\"1024\" height=\"768\" src=\"https:\/\/www.ifbaiano.edu.br\/unidades\/valenca\/files\/2023\/04\/img-03.jpeg\" alt=\"\" data-id=\"8837\" data-full-url=\"https:\/\/www.ifbaiano.edu.br\/unidades\/valenca\/files\/2023\/04\/img-03.jpeg\" data-link=\"https:\/\/www.ifbaiano.edu.br\/unidades\/valenca\/?attachment_id=8837\" class=\"wp-image-8837\" \/><\/figure><\/li><\/ul><\/figure>\n\n\n\n<hr class=\"wp-block-separator is-style-wide\" \/>\n\n\n\n<p>Mat\u00e9ria ASCOM dispon\u00edvel em: <em>https:\/\/ifbaiano.edu.br\/portal\/blog\/if-baiano-discute-demanda-por-profissionalizacao-em-valenca-com-representantes-comerciais-e-politicos\/<\/em><\/p>\n","protected":false},"excerpt":{"rendered":"<p>No dia 11 de abril, o reitor A\u00e9cio Jos\u00e9 Duarte e o diretor do Campus Valen\u00e7a, Geovane Lima Guimar\u00e3es, estiveram em reuni\u00e3o com representantes pol\u00edticos e comerciais de Valen\u00e7a na Casa do Com\u00e9rcio do munic\u00edpio para discutir e pensar uma adequa\u00e7\u00e3o da oferta de cursos do IF Baiano \u00e0 necessidade local e regional. O reitor [&hellip;]<\/p>\n","protected":false},"author":146,"featured_media":8839,"comment_status":"open","ping_status":"open","sticky":false,"template":"","format":"standard","meta":[],"categories":[5,36,63],"tags":[71,262,277],"_links":{"self":[{"href":"https:\/\/www.ifbaiano.edu.br\/unidades\/valenca\/wp-json\/wp\/v2\/posts\/8834"}],"collection":[{"href":"https:\/\/www.ifbaiano.edu.br\/unidades\/valenca\/wp-json\/wp\/v2\/posts"}],"about":[{"href":"https:\/\/www.ifbaiano.edu.br\/unidades\/valenca\/wp-json\/wp\/v2\/types\/post"}],"author":[{"embeddable":true,"href":"https:\/\/www.ifbaiano.edu.br\/unidades\/valenca\/wp-json\/wp\/v2\/users\/146"}],"replies":[{"embeddable":true,"href":"https:\/\/www.ifbaiano.edu.br\/unidades\/valenca\/wp-json\/wp\/v2\/comments?post=8834"}],"version-history":[{"count":3,"href":"https:\/\/www.ifbaiano.edu.br\/unidades\/valenca\/wp-json\/wp\/v2\/posts\/8834\/revisions"}],"predecessor-version":[{"id":8841,"href":"https:\/\/www.ifbaiano.edu.br\/unidades\/valenca\/wp-json\/wp\/v2\/posts\/8834\/revisions\/8841"}],"wp:featuredmedia":[{"embeddable":true,"href":"https:\/\/www.ifbaiano.edu.br\/unidades\/valenca\/wp-json\/wp\/v2\/media\/8839"}],"wp:attachment":[{"href":"https:\/\/www.ifbaiano.edu.br\/unidades\/valenca\/wp-json\/wp\/v2\/media?parent=8834"}],"wp:term":[{"taxonomy":"category","embeddable":true,"href":"https:\/\/www.ifbaiano.edu.br\/unidades\/valenca\/wp-json\/wp\/v2\/categories?post=8834"},{"taxonomy":"post_tag","embeddable":true,"href":"https:\/\/www.ifbaiano.edu.br\/unidades\/valenca\/wp-json\/wp\/v2\/tags?post=8834"}],"curies":[{"name":"wp","href":"https:\/\/api.w.org\/{rel}","templated":true}]}}