{"id":8901,"date":"2023-05-15T14:28:14","date_gmt":"2023-05-15T17:28:14","guid":{"rendered":"https:\/\/www.ifbaiano.edu.br\/unidades\/valenca\/?p=8901"},"modified":"2023-05-15T16:07:59","modified_gmt":"2023-05-15T19:07:59","slug":"campus-valenca-promove-roda-de-conversa-sobre-combate-ao-assedio","status":"publish","type":"post","link":"https:\/\/www.ifbaiano.edu.br\/unidades\/valenca\/2023\/05\/15\/campus-valenca-promove-roda-de-conversa-sobre-combate-ao-assedio\/","title":{"rendered":"Campus Valen\u00e7a promove Roda de Conversa sobre Combate ao Ass\u00e9dio"},"content":{"rendered":"\n<p> <em>O evento ser\u00e1 realizado dia 24 de maio, a partir das 13h, no audit\u00f3rio do campus; Inscri\u00e7\u00f5es podem ser realizadas no SUAP<\/em><\/p>\n\n\n\n<p>O Instituto Federal Baiano &#8211; Campus Valen\u00e7a realizar\u00e1 no dia 24 de maio, das 13 \u00e0s 16h, no audit\u00f3rio do Campus, a roda de conversa abordando o tema &#8220;Somos todos machistas?&#8221; &#8211; com a Psic\u00f3loga L\u00edvia Peixoto, servidora da UFRB -, promovida pela Dire\u00e7\u00e3o Geral e a Dire\u00e7\u00e3o Administrativa, com o apoio do GENI (N\u00facleo de Estudos em G\u00eanero e Sexualidade do IF Baiano).  <\/p>\n\n\n\n<figure class=\"wp-block-image size-full\"><img decoding=\"async\" loading=\"lazy\" width=\"1080\" height=\"1080\" src=\"https:\/\/www.ifbaiano.edu.br\/unidades\/valenca\/files\/2023\/05\/roda_conversa.jpg\" alt=\"\" class=\"wp-image-8902\" \/><\/figure>\n\n\n\n<p>Esse evento \u00e9 a primeira a\u00e7\u00e3o de um circuito de discuss\u00f5es sobre a tem\u00e1tica de g\u00eanero e sexualidade que a Dire\u00e7\u00e3o Administrativa promove para servidores e terceirizados, com o objetivo de prevenir e combater todas as formas de viol\u00eancia contra a mulher. <\/p>\n\n\n\n<p>Assuntos Abordados na roda:<\/p>\n\n\n\n<p>\u25cf Machismo estrutural;<br>\u25cf Masculinidade t\u00f3xica;<br>\u25cf Viol\u00eancia de g\u00eanero e trabalho;<br>\u25cf Estere\u00f3tipos do feminino;<br>\u25cf O \u201cpoliticamente correto\u201d;<br>\u25cf Diversidade e representatividade;<br>\u25cf Assuntos do cotidiano relacionados ao tema.<\/p>\n\n\n\n<p>Os interessados podem se inscrever por meio de <a href=\"https:\/\/suap.ifbaiano.edu.br\/eventos\/inscricao_publica\/1012\/\"><strong>formul\u00e1rio online<\/strong><\/a> at\u00e9 o dia 23 de maio. <\/p>\n","protected":false},"excerpt":{"rendered":"<p>O evento ser\u00e1 realizado dia 24 de maio, a partir das 13h, no audit\u00f3rio do campus; Inscri\u00e7\u00f5es podem ser realizadas no SUAP O Instituto Federal Baiano &#8211; Campus Valen\u00e7a realizar\u00e1 no dia 24 de maio, das 13 \u00e0s 16h, no audit\u00f3rio do Campus, a roda de conversa abordando o tema &#8220;Somos todos machistas?&#8221; &#8211; com [&hellip;]<\/p>\n","protected":false},"author":146,"featured_media":8902,"comment_status":"open","ping_status":"open","sticky":false,"template":"","format":"standard","meta":[],"categories":[38,5,7,34,63],"tags":[71,280,281],"_links":{"self":[{"href":"https:\/\/www.ifbaiano.edu.br\/unidades\/valenca\/wp-json\/wp\/v2\/posts\/8901"}],"collection":[{"href":"https:\/\/www.ifbaiano.edu.br\/unidades\/valenca\/wp-json\/wp\/v2\/posts"}],"about":[{"href":"https:\/\/www.ifbaiano.edu.br\/unidades\/valenca\/wp-json\/wp\/v2\/types\/post"}],"author":[{"embeddable":true,"href":"https:\/\/www.ifbaiano.edu.br\/unidades\/valenca\/wp-json\/wp\/v2\/users\/146"}],"replies":[{"embeddable":true,"href":"https:\/\/www.ifbaiano.edu.br\/unidades\/valenca\/wp-json\/wp\/v2\/comments?post=8901"}],"version-history":[{"count":6,"href":"https:\/\/www.ifbaiano.edu.br\/unidades\/valenca\/wp-json\/wp\/v2\/posts\/8901\/revisions"}],"predecessor-version":[{"id":8916,"href":"https:\/\/www.ifbaiano.edu.br\/unidades\/valenca\/wp-json\/wp\/v2\/posts\/8901\/revisions\/8916"}],"wp:featuredmedia":[{"embeddable":true,"href":"https:\/\/www.ifbaiano.edu.br\/unidades\/valenca\/wp-json\/wp\/v2\/media\/8902"}],"wp:attachment":[{"href":"https:\/\/www.ifbaiano.edu.br\/unidades\/valenca\/wp-json\/wp\/v2\/media?parent=8901"}],"wp:term":[{"taxonomy":"category","embeddable":true,"href":"https:\/\/www.ifbaiano.edu.br\/unidades\/valenca\/wp-json\/wp\/v2\/categories?post=8901"},{"taxonomy":"post_tag","embeddable":true,"href":"https:\/\/www.ifbaiano.edu.br\/unidades\/valenca\/wp-json\/wp\/v2\/tags?post=8901"}],"curies":[{"name":"wp","href":"https:\/\/api.w.org\/{rel}","templated":true}]}}