{"id":8910,"date":"2023-05-15T15:57:47","date_gmt":"2023-05-15T18:57:47","guid":{"rendered":"https:\/\/www.ifbaiano.edu.br\/unidades\/valenca\/?p=8910"},"modified":"2023-05-15T15:57:54","modified_gmt":"2023-05-15T18:57:54","slug":"campus-valenca-oferta-mini-curso-de-primeiros-socorros","status":"publish","type":"post","link":"https:\/\/www.ifbaiano.edu.br\/unidades\/valenca\/2023\/05\/15\/campus-valenca-oferta-mini-curso-de-primeiros-socorros\/","title":{"rendered":"Campus Valen\u00e7a oferta mini curso de Primeiros Socorros"},"content":{"rendered":"\n<p><em>O curso \u00e9 totalmente gratuito e ocorrer\u00e1 no dia 17 de maio, das 13 \u00e0s 17h, no audit\u00f3rio do campus<\/em><\/p>\n\n\n\n<p>O Instituto Federal Baiano &#8211; Campus Valen\u00e7a, em parceria com a equipe do Servi\u00e7o de Atendimento M\u00f3vel de Urg\u00eancia &#8211; SAMU, promover\u00e1 na pr\u00f3xima quarta-feira (17), o mini curso de Primeiros Socorros, que ser\u00e1 coordenado pela Enfermeira Cheila e equipe. <\/p>\n\n\n\n<figure class=\"wp-block-image size-full\"><img decoding=\"async\" loading=\"lazy\" width=\"1080\" height=\"1080\" src=\"https:\/\/www.ifbaiano.edu.br\/unidades\/valenca\/files\/2023\/05\/Curso_primeiros_socorros.jpg\" alt=\"\" class=\"wp-image-8911\" \/><\/figure>\n\n\n\n<p>A capacita\u00e7\u00e3o \u00e9 destinada aos servidores (Taes e Docentes), com o objetivo de desenvolver conhecimentos para atua\u00e7\u00e3o em poss\u00edveis situa\u00e7\u00f5es de urg\u00eancia e emerg\u00eancia no Campus.<\/p>\n\n\n\n<p>Os interessados em participar devem efetuar a inscri\u00e7\u00e3o por meio de <a href=\"https:\/\/suap.ifbaiano.edu.br\/eventos\/inscricao_publica\/1020\/\" target=\"_blank\" rel=\"noreferrer noopener\"><strong>formul\u00e1rio online<\/strong><\/a> at\u00e9 o dia 17 de maio. <\/p>\n","protected":false},"excerpt":{"rendered":"<p>O curso \u00e9 totalmente gratuito e ocorrer\u00e1 no dia 17 de maio, das 13 \u00e0s 17h, no audit\u00f3rio do campus O Instituto Federal Baiano &#8211; Campus Valen\u00e7a, em parceria com a equipe do Servi\u00e7o de Atendimento M\u00f3vel de Urg\u00eancia &#8211; SAMU, promover\u00e1 na pr\u00f3xima quarta-feira (17), o mini curso de Primeiros Socorros, que ser\u00e1 coordenado [&hellip;]<\/p>\n","protected":false},"author":146,"featured_media":8911,"comment_status":"open","ping_status":"open","sticky":false,"template":"","format":"standard","meta":[],"categories":[60,5,63],"tags":[71,282],"_links":{"self":[{"href":"https:\/\/www.ifbaiano.edu.br\/unidades\/valenca\/wp-json\/wp\/v2\/posts\/8910"}],"collection":[{"href":"https:\/\/www.ifbaiano.edu.br\/unidades\/valenca\/wp-json\/wp\/v2\/posts"}],"about":[{"href":"https:\/\/www.ifbaiano.edu.br\/unidades\/valenca\/wp-json\/wp\/v2\/types\/post"}],"author":[{"embeddable":true,"href":"https:\/\/www.ifbaiano.edu.br\/unidades\/valenca\/wp-json\/wp\/v2\/users\/146"}],"replies":[{"embeddable":true,"href":"https:\/\/www.ifbaiano.edu.br\/unidades\/valenca\/wp-json\/wp\/v2\/comments?post=8910"}],"version-history":[{"count":4,"href":"https:\/\/www.ifbaiano.edu.br\/unidades\/valenca\/wp-json\/wp\/v2\/posts\/8910\/revisions"}],"predecessor-version":[{"id":8915,"href":"https:\/\/www.ifbaiano.edu.br\/unidades\/valenca\/wp-json\/wp\/v2\/posts\/8910\/revisions\/8915"}],"wp:featuredmedia":[{"embeddable":true,"href":"https:\/\/www.ifbaiano.edu.br\/unidades\/valenca\/wp-json\/wp\/v2\/media\/8911"}],"wp:attachment":[{"href":"https:\/\/www.ifbaiano.edu.br\/unidades\/valenca\/wp-json\/wp\/v2\/media?parent=8910"}],"wp:term":[{"taxonomy":"category","embeddable":true,"href":"https:\/\/www.ifbaiano.edu.br\/unidades\/valenca\/wp-json\/wp\/v2\/categories?post=8910"},{"taxonomy":"post_tag","embeddable":true,"href":"https:\/\/www.ifbaiano.edu.br\/unidades\/valenca\/wp-json\/wp\/v2\/tags?post=8910"}],"curies":[{"name":"wp","href":"https:\/\/api.w.org\/{rel}","templated":true}]}}