{"id":896,"date":"2011-10-24T22:11:54","date_gmt":"2011-10-24T22:11:54","guid":{"rendered":"http:\/\/www.ifbaiano.edu.br\/unidades\/valenca\/?p=896"},"modified":"2011-10-24T22:11:54","modified_gmt":"2011-10-24T22:11:54","slug":"campus-valenca-divulga-resultado-do-programa-de-apoio-a-qualificacao-e-abre-nova-chamada-para-preenchimento-de-vagas-residuais","status":"publish","type":"post","link":"https:\/\/www.ifbaiano.edu.br\/unidades\/valenca\/2011\/10\/24\/campus-valenca-divulga-resultado-do-programa-de-apoio-a-qualificacao-e-abre-nova-chamada-para-preenchimento-de-vagas-residuais\/","title":{"rendered":"Campus Valen\u00e7a divulga resultado do Programa de Apoio \u00e0 Qualifica\u00e7\u00e3o e abre nova chamada para preenchimento de vagas residuais"},"content":{"rendered":"<p style=\"text-align: left\" align=\"center\">O Campus Valen\u00e7a divulga resultado de classificado no<strong> <\/strong>Programa de\u00a0 Apoio \u00e0 Qualifica\u00e7\u00e3o de Servidores (Edital n\u00ba 01\/2011), para concess\u00e3o de aux\u00edlio financeiro para curso de gradua\u00e7\u00e3o, especializa\u00e7\u00e3o, mestrado ou doutorado.<\/p>\n<p>O apoio financeiro ser\u00e1 concedido, via ressarcimento parcial de 30% da mensalidade do curso, com dura\u00e7\u00e3o m\u00e1xima de at\u00e9 24 meses. A bolsa dever\u00e1 ser concedida ao final deste ano, ap\u00f3s a homologa\u00e7\u00e3o do resultado da sele\u00e7\u00e3o.<\/p>\n<p>Confira\u00a0 <strong>aqui<\/strong> o resultado.<\/p>\n<p>Na oportunidade o <em>Campus<\/em> divulga <strong>novo edital para preenchimento de vagas residuais<\/strong>. O per\u00edodo de <strong>inscri\u00e7\u00e3o \u00e9 de 25 a 26\/10\/2011<\/strong>, de 08h00min \u00e0s 11h00min \/ 14h00min \u00e0s 17h00min, no N\u00facleo de Apoio \u00e0 Gest\u00e3o de Pessoas do Campus Valen\u00e7a, localizada na Rua Glic\u00e9rio Tavares, Bairro Bate Quente, Munic\u00edpio de Valen\u00e7a, Bahia.<\/p>\n<p>Acesse aqui  completo.<\/p>\n","protected":false},"excerpt":{"rendered":"<p>O Campus Valen\u00e7a divulga resultado de classificado no Programa de\u00a0 Apoio \u00e0 Qualifica\u00e7\u00e3o de Servidores (Edital n\u00ba 01\/2011), para concess\u00e3o de aux\u00edlio financeiro para curso de gradua\u00e7\u00e3o, especializa\u00e7\u00e3o, mestrado ou doutorado. O apoio financeiro ser\u00e1 concedido, via ressarcimento parcial de 30% da mensalidade do curso, com dura\u00e7\u00e3o m\u00e1xima de at\u00e9 24 meses. A bolsa dever\u00e1 [&hellip;]<\/p>\n","protected":false},"author":6,"featured_media":0,"comment_status":"open","ping_status":"open","sticky":false,"template":"","format":"standard","meta":[],"categories":[5,32],"tags":[],"_links":{"self":[{"href":"https:\/\/www.ifbaiano.edu.br\/unidades\/valenca\/wp-json\/wp\/v2\/posts\/896"}],"collection":[{"href":"https:\/\/www.ifbaiano.edu.br\/unidades\/valenca\/wp-json\/wp\/v2\/posts"}],"about":[{"href":"https:\/\/www.ifbaiano.edu.br\/unidades\/valenca\/wp-json\/wp\/v2\/types\/post"}],"author":[{"embeddable":true,"href":"https:\/\/www.ifbaiano.edu.br\/unidades\/valenca\/wp-json\/wp\/v2\/users\/6"}],"replies":[{"embeddable":true,"href":"https:\/\/www.ifbaiano.edu.br\/unidades\/valenca\/wp-json\/wp\/v2\/comments?post=896"}],"version-history":[{"count":2,"href":"https:\/\/www.ifbaiano.edu.br\/unidades\/valenca\/wp-json\/wp\/v2\/posts\/896\/revisions"}],"predecessor-version":[{"id":902,"href":"https:\/\/www.ifbaiano.edu.br\/unidades\/valenca\/wp-json\/wp\/v2\/posts\/896\/revisions\/902"}],"wp:attachment":[{"href":"https:\/\/www.ifbaiano.edu.br\/unidades\/valenca\/wp-json\/wp\/v2\/media?parent=896"}],"wp:term":[{"taxonomy":"category","embeddable":true,"href":"https:\/\/www.ifbaiano.edu.br\/unidades\/valenca\/wp-json\/wp\/v2\/categories?post=896"},{"taxonomy":"post_tag","embeddable":true,"href":"https:\/\/www.ifbaiano.edu.br\/unidades\/valenca\/wp-json\/wp\/v2\/tags?post=896"}],"curies":[{"name":"wp","href":"https:\/\/api.w.org\/{rel}","templated":true}]}}