{"id":8965,"date":"2023-06-05T16:32:20","date_gmt":"2023-06-05T19:32:20","guid":{"rendered":"https:\/\/www.ifbaiano.edu.br\/unidades\/valenca\/?p=8965"},"modified":"2023-06-05T16:32:21","modified_gmt":"2023-06-05T19:32:21","slug":"campus-valenca-lanca-edital-com-oferta-de-30-vagas-para-curso-tecnico-subsequente","status":"publish","type":"post","link":"https:\/\/www.ifbaiano.edu.br\/unidades\/valenca\/2023\/06\/05\/campus-valenca-lanca-edital-com-oferta-de-30-vagas-para-curso-tecnico-subsequente\/","title":{"rendered":"Campus Valen\u00e7a lan\u00e7a edital com oferta de 30 vagas para curso t\u00e9cnico subsequente"},"content":{"rendered":"\n<p><em>As inscri\u00e7\u00f5es s\u00e3o gratuitas e devem ser feitas presencialmente <\/em><\/p>\n\n\n\n<p>O Instituto Federal Baiano (IF Baiano) &#8211; <em>campus <\/em>Valen\u00e7a publicou <a href=\"https:\/\/www.ifbaiano.edu.br\/unidades\/valenca\/files\/2023\/06\/Edital-no-06-Curso-subsequente-em-Meio-Ambiente-Prosel-2023.pdf\">edital<\/a> do Processo Seletivo para Ingresso de Estudantes em 2023. Est\u00e3o sendo ofertadas 30 vagas no curso t\u00e9cnico de n\u00edvel m\u00e9dio subsequente (modalidade presencial) em Meio Ambiente. <\/p>\n\n\n\n<p>O curso \u00e9 gratuito, sem taxas de mensalidade nem de matr\u00edcula. Para ingressar, os candidatos devem atender a alguns requisitos, tais como ter conclu\u00eddo o Ensino M\u00e9dio (3\u00ba ano) at\u00e9 o ato da matr\u00edcula e apresentar a documenta\u00e7\u00e3o exigida conforme descrito no edital. O crit\u00e9rio de sele\u00e7\u00e3o \u00e9 a ordem de manifesta\u00e7\u00e3o de interesse (ordem de chegada) nas vagas.<\/p>\n\n\n\n<p>As inscri\u00e7\u00f5es s\u00e3o presenciais e devem ser feitas no pr\u00f3prio campus &#8211; localizado na rua Glic\u00e9rio Tavares, S\/N, Bate Quente, Valen\u00e7a-BA, CEP: 45400-000 &#8211; no per\u00edodo de 12 a 14 e de 17 a 21 de julho de 2023, apresentando a documenta\u00e7\u00e3o (original e c\u00f3pia) disposta no item 11 do edital, de acordo a vaga desejada. As vagas ofertadas s\u00e3o para curso de Meio Ambiente, no per\u00edodo noturno. <\/p>\n\n\n\n<p>D\u00favidas sobre o processo seletivo podem ser encaminhadas para o e-mail da Comiss\u00e3o Local: <a href=\"mailto:prosel.ingresso@valenca.ifbaiano.edu.br\">prosel.ingresso@valenca.ifbaiano.edu.br<\/a>.<\/p>\n\n\n\n<p>Consulte o\u00a0<strong><a href=\"https:\/\/www.ifbaiano.edu.br\/unidades\/valenca\/files\/2023\/06\/Edital-no-06-Curso-subsequente-em-Meio-Ambiente-Prosel-2023.pdf\">edital<\/a><\/strong>\u00a0para mais informa\u00e7\u00f5es e acompanhe todas as etapas na p\u00e1gina\u00a0<strong><a href=\"https:\/\/concurso.ifbaiano.edu.br\/portal\/ingresso-subsequente-valenca-maio-2023\/\">Concursos e Sele\u00e7\u00f5es<\/a><\/strong>.<\/p>\n","protected":false},"excerpt":{"rendered":"<p>As inscri\u00e7\u00f5es s\u00e3o gratuitas e devem ser feitas presencialmente O Instituto Federal Baiano (IF Baiano) &#8211; campus Valen\u00e7a publicou edital do Processo Seletivo para Ingresso de Estudantes em 2023. Est\u00e3o sendo ofertadas 30 vagas no curso t\u00e9cnico de n\u00edvel m\u00e9dio subsequente (modalidade presencial) em Meio Ambiente. O curso \u00e9 gratuito, sem taxas de mensalidade nem [&hellip;]<\/p>\n","protected":false},"author":146,"featured_media":8971,"comment_status":"open","ping_status":"open","sticky":false,"template":"","format":"standard","meta":[],"categories":[60,13,5,35,9,63],"tags":[118,95,80,104],"_links":{"self":[{"href":"https:\/\/www.ifbaiano.edu.br\/unidades\/valenca\/wp-json\/wp\/v2\/posts\/8965"}],"collection":[{"href":"https:\/\/www.ifbaiano.edu.br\/unidades\/valenca\/wp-json\/wp\/v2\/posts"}],"about":[{"href":"https:\/\/www.ifbaiano.edu.br\/unidades\/valenca\/wp-json\/wp\/v2\/types\/post"}],"author":[{"embeddable":true,"href":"https:\/\/www.ifbaiano.edu.br\/unidades\/valenca\/wp-json\/wp\/v2\/users\/146"}],"replies":[{"embeddable":true,"href":"https:\/\/www.ifbaiano.edu.br\/unidades\/valenca\/wp-json\/wp\/v2\/comments?post=8965"}],"version-history":[{"count":4,"href":"https:\/\/www.ifbaiano.edu.br\/unidades\/valenca\/wp-json\/wp\/v2\/posts\/8965\/revisions"}],"predecessor-version":[{"id":9012,"href":"https:\/\/www.ifbaiano.edu.br\/unidades\/valenca\/wp-json\/wp\/v2\/posts\/8965\/revisions\/9012"}],"wp:featuredmedia":[{"embeddable":true,"href":"https:\/\/www.ifbaiano.edu.br\/unidades\/valenca\/wp-json\/wp\/v2\/media\/8971"}],"wp:attachment":[{"href":"https:\/\/www.ifbaiano.edu.br\/unidades\/valenca\/wp-json\/wp\/v2\/media?parent=8965"}],"wp:term":[{"taxonomy":"category","embeddable":true,"href":"https:\/\/www.ifbaiano.edu.br\/unidades\/valenca\/wp-json\/wp\/v2\/categories?post=8965"},{"taxonomy":"post_tag","embeddable":true,"href":"https:\/\/www.ifbaiano.edu.br\/unidades\/valenca\/wp-json\/wp\/v2\/tags?post=8965"}],"curies":[{"name":"wp","href":"https:\/\/api.w.org\/{rel}","templated":true}]}}