{"id":9002,"date":"2023-06-05T16:17:25","date_gmt":"2023-06-05T19:17:25","guid":{"rendered":"https:\/\/www.ifbaiano.edu.br\/unidades\/valenca\/?p=9002"},"modified":"2023-06-05T16:17:25","modified_gmt":"2023-06-05T19:17:25","slug":"if-baiano-divulga-abertura-de-inscricoes-do-programa-bolsa-permanencia-para-estudantes-indigenas-e-quilombolas","status":"publish","type":"post","link":"https:\/\/www.ifbaiano.edu.br\/unidades\/valenca\/2023\/06\/05\/if-baiano-divulga-abertura-de-inscricoes-do-programa-bolsa-permanencia-para-estudantes-indigenas-e-quilombolas\/","title":{"rendered":"IF Baiano divulga abertura de inscri\u00e7\u00f5es do Programa Bolsa Perman\u00eancia para estudantes ind\u00edgenas e quilombolas"},"content":{"rendered":"\n<p><em>As inscri\u00e7\u00f5es estar\u00e3o abertas de 3 a 30 de junho.<\/em><\/p>\n\n\n<div class=\"wp-block-image\">\n<figure class=\"aligncenter size-full is-resized\"><img decoding=\"async\" loading=\"lazy\" src=\"https:\/\/www.ifbaiano.edu.br\/unidades\/valenca\/files\/2023\/06\/Bolsa_permanencia.jpeg\" alt=\"\" class=\"wp-image-9003\" width=\"467\" height=\"467\" \/><\/figure><\/div>\n\n\n<p>O Programa de Bolsa Perman\u00eancia (PBP\/MEC), que tem por finalidade minimizar as desigualdades sociais e \u00e9tnico-raciais, contribuindo para a perman\u00eancia dos estudantes quilombolas e ind\u00edgenas nos cursos presenciais de gradua\u00e7\u00e3o, estar\u00e1 com inscri\u00e7\u00f5es abertas a partir deste s\u00e1bado, 3. O prazo vai at\u00e9 30 de junho.<\/p>\n\n\n\n<p>No 10\u00ba semestre do curso de Engenharia Agron\u00f4mica do Campus Teixeira de Freitas, Alexandro Rocha J\u00fanior \u00e9 um dos estudantes do IF Baiano que recebem o benef\u00edcio. Para ele, a bolsa possibilita um apoio financeiro importante durante a jornada acad\u00eamica e garante uma qualidade melhor no aprendizado, na medida em que ele pode se concentrar nos estudos.<\/p>\n\n\n\n<p>\u201cA bolsa perman\u00eancia tamb\u00e9m promove a inclus\u00e3o e reconhece a import\u00e2ncia da diversidade \u00e9tnico-racial necess\u00e1ria para o desenvolvimento das comunidades quilombolas e das aldeias ind\u00edgenas\u201d, afirmou Alexandro, que \u00e9 quilombola da Comunidade de Helv\u00e9cia.<\/p>\n\n\n\n<p>Patr\u00edcia Vaz, diretora de Assuntos Estudantis do IF Baiano, destaca que a bolsa viabiliza o \u00eaxito dos graduandos e reduz a evas\u00e3o escolar. Ela explica que o Instituto, por meio da Pr\u00f3-reitoria de Ensino (Proen), \u201canalisa os cadastros no sistema de gest\u00e3o do Programa e acompanha mensalmente a frequ\u00eancia e o desempenho acad\u00eamico desses estudantes\u201d. Al\u00e9m disso, \u201crealiza a homologa\u00e7\u00e3o para pagamento das bolsas pelo Fundo Nacional de Desenvolvimento da Educa\u00e7\u00e3o (FNDE)\u201d.<\/p>\n\n\n\n<p><strong>Quem pode se inscrever?<\/strong><\/p>\n\n\n\n<p>Poder\u00e1 receber a Bolsa Perman\u00eancia o estudante que estiver regularmente matriculado em um curso de n\u00edvel superior ofertado pelo IF Baiano, independentemente da carga hor\u00e1ria, e se declare ind\u00edgena ou quilombola, entre outras especifica\u00e7\u00f5es.<\/p>\n\n\n\n<p>Para realizar a inscri\u00e7\u00e3o, o interessado deve realizar o cadastro no Sistema de Gerenciamento de Bolsas,&nbsp;<a href=\"http:\/\/sisbp.mec.gov.br\/primeiro-acesso\" target=\"_blank\" rel=\"noreferrer noopener\">neste link<\/a>.<\/p>\n\n\n\n<p>O valor da bolsa \u00e9 de R$ 1.400, que ser\u00e1 paga diretamente pelo FNDE, por meio de um cart\u00e3o de benef\u00edcio. Na pr\u00f3xima quarta-feira, 7, o Minist\u00e9rio de Educa\u00e7\u00e3o informar\u00e1 a quantidade de vagas disponibilizadas para o IF Baiano.<\/p>\n\n\n\n<p><strong>Como comprovar a condi\u00e7\u00e3o de estudante ind\u00edgena ou quilombola?<\/strong><\/p>\n\n\n\n<p>No ato da inscri\u00e7\u00e3o, o candidato precisa anexar os seguintes documentos no sistema:<\/p>\n\n\n\n<p>1) Autodeclara\u00e7\u00e3o do candidato (.pdf \u201cAutodeclara\u00e7\u00e3o_ind\u00edgena\u201d \u201cAutodeclara\u00e7\u00e3o_Quilombola);<\/p>\n\n\n\n<p>2) Declara\u00e7\u00e3o de sua respectiva comunidade sobre sua condi\u00e7\u00e3o de pertencimento \u00e9tnico e resid\u00eancia, assinada por 3 (tr\u00eas) lideran\u00e7as reconhecidas (.pdf \u201cDeclara\u00e7\u00e3o de Pertencimento \u00c9tnico e Resid\u00eancia_Quilombola\u201d \u201cDeclara\u00e7\u00e3o de Pertencimento \u00c9tnico e Resid\u00eancia_Ind\u00edgena\u201d);<\/p>\n\n\n\n<p>3) Declara\u00e7\u00e3o da Funda\u00e7\u00e3o Nacional do \u00cdndio (Funai) \u2013 para estudantes ind\u00edgenas;<\/p>\n\n\n\n<p>4) Declara\u00e7\u00e3o da Funda\u00e7\u00e3o Cultural Palmares \u2013 para estudantes quilombolas;<\/p>\n\n\n\n<p>5) Termo de Compromisso (.pdf Termo de Compromisso).<\/p>\n\n\n\n<p><strong>Sobre o PBP<\/strong><\/p>\n\n\n\n<p>O Programa de Bolsa Perman\u00eancia foi criado em 9 de maio de 2013, pela Portaria n\u00ba 389, do Minist\u00e9rio da Educa\u00e7\u00e3o. Ao longo de 15 artigos e 3 anexos, ela descreve os objetivos do Programa e quem pode se beneficiar dele.<\/p>\n\n\n\n<p><a href=\"http:\/\/sisbp.mec.gov.br\/docs\/Portaria-389_2013.pdf\" target=\"_blank\" rel=\"noreferrer noopener\">Clique aqui<\/a>&nbsp;para acessar a Portaria n\u00ba 389\/2013.<\/p>\n\n\n\n<hr class=\"wp-block-separator has-alpha-channel-opacity\" \/>\n\n\n\n<p>Mat\u00e9ria ASCOM dispon\u00edvel em: <em>https:\/\/ifbaiano.edu.br\/portal\/blog\/if-baiano-divulga-abertura-de-inscricoes-do-programa-bolsa-permanencia-para-estudantes-indigenas-e-quilombolas\/<\/em><\/p>\n","protected":false},"excerpt":{"rendered":"<p>As inscri\u00e7\u00f5es estar\u00e3o abertas de 3 a 30 de junho. O Programa de Bolsa Perman\u00eancia (PBP\/MEC), que tem por finalidade minimizar as desigualdades sociais e \u00e9tnico-raciais, contribuindo para a perman\u00eancia dos estudantes quilombolas e ind\u00edgenas nos cursos presenciais de gradua\u00e7\u00e3o, estar\u00e1 com inscri\u00e7\u00f5es abertas a partir deste s\u00e1bado, 3. O prazo vai at\u00e9 30 de [&hellip;]<\/p>\n","protected":false},"author":146,"featured_media":9003,"comment_status":"open","ping_status":"open","sticky":false,"template":"","format":"standard","meta":[],"categories":[63],"tags":[290,291,292],"_links":{"self":[{"href":"https:\/\/www.ifbaiano.edu.br\/unidades\/valenca\/wp-json\/wp\/v2\/posts\/9002"}],"collection":[{"href":"https:\/\/www.ifbaiano.edu.br\/unidades\/valenca\/wp-json\/wp\/v2\/posts"}],"about":[{"href":"https:\/\/www.ifbaiano.edu.br\/unidades\/valenca\/wp-json\/wp\/v2\/types\/post"}],"author":[{"embeddable":true,"href":"https:\/\/www.ifbaiano.edu.br\/unidades\/valenca\/wp-json\/wp\/v2\/users\/146"}],"replies":[{"embeddable":true,"href":"https:\/\/www.ifbaiano.edu.br\/unidades\/valenca\/wp-json\/wp\/v2\/comments?post=9002"}],"version-history":[{"count":3,"href":"https:\/\/www.ifbaiano.edu.br\/unidades\/valenca\/wp-json\/wp\/v2\/posts\/9002\/revisions"}],"predecessor-version":[{"id":9006,"href":"https:\/\/www.ifbaiano.edu.br\/unidades\/valenca\/wp-json\/wp\/v2\/posts\/9002\/revisions\/9006"}],"wp:featuredmedia":[{"embeddable":true,"href":"https:\/\/www.ifbaiano.edu.br\/unidades\/valenca\/wp-json\/wp\/v2\/media\/9003"}],"wp:attachment":[{"href":"https:\/\/www.ifbaiano.edu.br\/unidades\/valenca\/wp-json\/wp\/v2\/media?parent=9002"}],"wp:term":[{"taxonomy":"category","embeddable":true,"href":"https:\/\/www.ifbaiano.edu.br\/unidades\/valenca\/wp-json\/wp\/v2\/categories?post=9002"},{"taxonomy":"post_tag","embeddable":true,"href":"https:\/\/www.ifbaiano.edu.br\/unidades\/valenca\/wp-json\/wp\/v2\/tags?post=9002"}],"curies":[{"name":"wp","href":"https:\/\/api.w.org\/{rel}","templated":true}]}}