{"id":903,"date":"2011-10-26T11:05:32","date_gmt":"2011-10-26T11:05:32","guid":{"rendered":"http:\/\/www.ifbaiano.edu.br\/unidades\/valenca\/?p=903"},"modified":"2011-10-26T11:05:32","modified_gmt":"2011-10-26T11:05:32","slug":"dgp-promove-oficina-de-acolhimento-aos-servidores-recem-nomeados","status":"publish","type":"post","link":"https:\/\/www.ifbaiano.edu.br\/unidades\/valenca\/2011\/10\/26\/dgp-promove-oficina-de-acolhimento-aos-servidores-recem-nomeados\/","title":{"rendered":"DGP promove Oficina de Acolhimento aos servidores rec\u00e9m-nomeados"},"content":{"rendered":"<p align=\"JUSTIFY\">A Oficina de Acolhimento aos servidores rec\u00e9m-nomeados acontece hoje e amanh\u00e3 na reitoria do IF Baiano. O evento tem como objetivo possibilitar um ambiente de socializa\u00e7\u00e3o para os servidores, bem como o conhecimento do local de trabalho e dos outros colegas de institui\u00e7\u00e3o.<\/p>\n<p align=\"JUSTIFY\">Nesta manh\u00e3, cerca de 20 servidores do Instituto participaram da primeira parte da Oficina. Para Aline M\u00fcller, assistente social do IF Baiano, a oficina tem import\u00e2ncia por dar no\u00e7\u00e3o aos servidores sobre a estrutura da qual fazem parte. M\u00fcller ressaltou a import\u00e2ncia da cultura da coopera\u00e7\u00e3o no espa\u00e7o do trabalho.<\/p>\n<p align=\"JUSTIFY\">Din\u00e2micas e conversas s\u00e3o realizadas pelos servidores, coordenados pelas assistentes sociais e psic\u00f3logas do Instituto. O evento \u00e9 uma realiza\u00e7\u00e3o no N\u00facleo de Apoio a Sa\u00fade e Qualidade de Vida do Servidor (NASQ) \u2013 que faz parte da Diretoria de Gest\u00e3o de Pessoas (DGP).<\/p>\n","protected":false},"excerpt":{"rendered":"<p>A Oficina de Acolhimento aos servidores rec\u00e9m-nomeados acontece hoje e amanh\u00e3 na reitoria do IF Baiano. O evento tem como objetivo possibilitar um ambiente de socializa\u00e7\u00e3o para os servidores, bem como o conhecimento do local de trabalho e dos outros colegas de institui\u00e7\u00e3o. Nesta manh\u00e3, cerca de 20 servidores do Instituto participaram da primeira parte [&hellip;]<\/p>\n","protected":false},"author":6,"featured_media":0,"comment_status":"open","ping_status":"open","sticky":false,"template":"","format":"standard","meta":[],"categories":[8],"tags":[],"_links":{"self":[{"href":"https:\/\/www.ifbaiano.edu.br\/unidades\/valenca\/wp-json\/wp\/v2\/posts\/903"}],"collection":[{"href":"https:\/\/www.ifbaiano.edu.br\/unidades\/valenca\/wp-json\/wp\/v2\/posts"}],"about":[{"href":"https:\/\/www.ifbaiano.edu.br\/unidades\/valenca\/wp-json\/wp\/v2\/types\/post"}],"author":[{"embeddable":true,"href":"https:\/\/www.ifbaiano.edu.br\/unidades\/valenca\/wp-json\/wp\/v2\/users\/6"}],"replies":[{"embeddable":true,"href":"https:\/\/www.ifbaiano.edu.br\/unidades\/valenca\/wp-json\/wp\/v2\/comments?post=903"}],"version-history":[{"count":1,"href":"https:\/\/www.ifbaiano.edu.br\/unidades\/valenca\/wp-json\/wp\/v2\/posts\/903\/revisions"}],"predecessor-version":[{"id":904,"href":"https:\/\/www.ifbaiano.edu.br\/unidades\/valenca\/wp-json\/wp\/v2\/posts\/903\/revisions\/904"}],"wp:attachment":[{"href":"https:\/\/www.ifbaiano.edu.br\/unidades\/valenca\/wp-json\/wp\/v2\/media?parent=903"}],"wp:term":[{"taxonomy":"category","embeddable":true,"href":"https:\/\/www.ifbaiano.edu.br\/unidades\/valenca\/wp-json\/wp\/v2\/categories?post=903"},{"taxonomy":"post_tag","embeddable":true,"href":"https:\/\/www.ifbaiano.edu.br\/unidades\/valenca\/wp-json\/wp\/v2\/tags?post=903"}],"curies":[{"name":"wp","href":"https:\/\/api.w.org\/{rel}","templated":true}]}}