{"id":9037,"date":"2023-06-12T17:36:16","date_gmt":"2023-06-12T20:36:16","guid":{"rendered":"https:\/\/www.ifbaiano.edu.br\/unidades\/valenca\/?p=9037"},"modified":"2023-06-12T17:36:16","modified_gmt":"2023-06-12T20:36:16","slug":"campus-valenca-divulga-edital-de-chamada-publica-para-aquisicao-de-generos-alimenticios","status":"publish","type":"post","link":"https:\/\/www.ifbaiano.edu.br\/unidades\/valenca\/2023\/06\/12\/campus-valenca-divulga-edital-de-chamada-publica-para-aquisicao-de-generos-alimenticios\/","title":{"rendered":"Campus Valen\u00e7a divulga Edital de Chamada P\u00fablica para aquisi\u00e7\u00e3o de g\u00eaneros aliment\u00edcios"},"content":{"rendered":"\n<p><em>As inscri\u00e7\u00f5es estar\u00e3o abertas at\u00e9 12 de julho e poder\u00e3o participar apenas fornecedores detentores da Declara\u00e7\u00e3o de Aptid\u00e3o ao Pronaf<\/em><\/p>\n\n\n\n<p>O Instituto Federal de Educa\u00e7\u00e3o, Ci\u00eancia e Tecnologia Baiano \u2013 Campus Valen\u00e7a torna p\u00fablico, para conhecimento dos interessados, o <a href=\"https:\/\/www.ifbaiano.edu.br\/unidades\/valenca\/files\/2023\/06\/Edital-da-Chamada-Publica-1-2023-para-formalizacao-de-dispensa-de-licitacao.pdf\">edital de Chamada P\u00fablica n\u00ba 1\/2023<\/a>, que tem como objetivo a aquisi\u00e7\u00e3o de g\u00eaneros aliment\u00edcios de fornecedores enquadrados no programa de agricultura familiar em atendimento ao Programa Nacional de Alimenta\u00e7\u00e3o Escolar (PNAE).<\/p>\n\n\n\n<p>O per\u00edodo de divulga\u00e7\u00e3o da Chamada P\u00fablica \u00e9 de 14 de junho at\u00e9 9 horas do dia 12 de julho (hor\u00e1rio local). A Sess\u00e3o p\u00fablica de abertura dos envelopes ser\u00e1 dia 12 de julho, \u00e0s 9 horas (hor\u00e1rio local), no audit\u00f3rio do IF Baiano \u2013 Campus Valen\u00e7a, localizado na Rua Glic\u00e9rio Tavares, s\/n, Bate Quente, Valen\u00e7a \u2013 BA.<\/p>\n\n\n\n<p>Poder\u00e3o participar deste processo\u00a0apenas fornecedores\u00a0\u2013 individuais, grupos informais ou organizados em cooperativas e associa\u00e7\u00f5es \u2013 detentores da Declara\u00e7\u00e3o de Aptid\u00e3o ao Pronaf (Programa Nacional de Fortalecimento da Agricultura Familiar).\u00a0<\/p>\n\n\n\n<p>Demais informa\u00e7\u00f5es sobre a Chamada P\u00fablica encontram-se dispon\u00edveis no <a href=\"https:\/\/www.ifbaiano.edu.br\/unidades\/valenca\/files\/2023\/06\/Edital-da-Chamada-Publica-1-2023-para-formalizacao-de-dispensa-de-licitacao.pdf\"><strong>edital e seus anexos<\/strong><\/a>.<\/p>\n\n\n\n<div id=\"ProreitoriaTopoTitulo\">\n\t\t\t\t\tEditais e Documentos\n\t\t\t\t<\/div>\n\n\n\n<div class=\"wp-block-file\"><a id=\"wp-block-file--media-3cb5a204-c966-488b-9c13-ded8efe08919\" href=\"https:\/\/www.ifbaiano.edu.br\/unidades\/valenca\/files\/2023\/06\/AVISO-DE-CHAMADA-PUBLICA-01-Cartaz-1.docx\">Aviso de Chamada P\u00fablica 01\/2023<\/a><\/div>\n\n\n\n<div class=\"wp-block-file\"><a id=\"wp-block-file--media-310819ca-19d4-4998-a2b6-a800b8abc609\" href=\"https:\/\/www.ifbaiano.edu.br\/unidades\/valenca\/files\/2023\/06\/Edital-da-Chamada-Publica-1-2023-para-formalizacao-de-dispensa-de-licitacao.pdf\">Edital da Chamada P\u00fablica n\u00ba 1\/2023<\/a><\/div>\n","protected":false},"excerpt":{"rendered":"<p>As inscri\u00e7\u00f5es estar\u00e3o abertas at\u00e9 12 de julho e poder\u00e3o participar apenas fornecedores detentores da Declara\u00e7\u00e3o de Aptid\u00e3o ao Pronaf O Instituto Federal de Educa\u00e7\u00e3o, Ci\u00eancia e Tecnologia Baiano \u2013 Campus Valen\u00e7a torna p\u00fablico, para conhecimento dos interessados, o edital de Chamada P\u00fablica n\u00ba 1\/2023, que tem como objetivo a aquisi\u00e7\u00e3o de g\u00eaneros aliment\u00edcios de [&hellip;]<\/p>\n","protected":false},"author":146,"featured_media":7601,"comment_status":"open","ping_status":"open","sticky":false,"template":"","format":"standard","meta":[],"categories":[33,63],"tags":[],"_links":{"self":[{"href":"https:\/\/www.ifbaiano.edu.br\/unidades\/valenca\/wp-json\/wp\/v2\/posts\/9037"}],"collection":[{"href":"https:\/\/www.ifbaiano.edu.br\/unidades\/valenca\/wp-json\/wp\/v2\/posts"}],"about":[{"href":"https:\/\/www.ifbaiano.edu.br\/unidades\/valenca\/wp-json\/wp\/v2\/types\/post"}],"author":[{"embeddable":true,"href":"https:\/\/www.ifbaiano.edu.br\/unidades\/valenca\/wp-json\/wp\/v2\/users\/146"}],"replies":[{"embeddable":true,"href":"https:\/\/www.ifbaiano.edu.br\/unidades\/valenca\/wp-json\/wp\/v2\/comments?post=9037"}],"version-history":[{"count":3,"href":"https:\/\/www.ifbaiano.edu.br\/unidades\/valenca\/wp-json\/wp\/v2\/posts\/9037\/revisions"}],"predecessor-version":[{"id":9042,"href":"https:\/\/www.ifbaiano.edu.br\/unidades\/valenca\/wp-json\/wp\/v2\/posts\/9037\/revisions\/9042"}],"wp:featuredmedia":[{"embeddable":true,"href":"https:\/\/www.ifbaiano.edu.br\/unidades\/valenca\/wp-json\/wp\/v2\/media\/7601"}],"wp:attachment":[{"href":"https:\/\/www.ifbaiano.edu.br\/unidades\/valenca\/wp-json\/wp\/v2\/media?parent=9037"}],"wp:term":[{"taxonomy":"category","embeddable":true,"href":"https:\/\/www.ifbaiano.edu.br\/unidades\/valenca\/wp-json\/wp\/v2\/categories?post=9037"},{"taxonomy":"post_tag","embeddable":true,"href":"https:\/\/www.ifbaiano.edu.br\/unidades\/valenca\/wp-json\/wp\/v2\/tags?post=9037"}],"curies":[{"name":"wp","href":"https:\/\/api.w.org\/{rel}","templated":true}]}}