{"id":905,"date":"2011-10-26T11:57:38","date_gmt":"2011-10-26T11:57:38","guid":{"rendered":"http:\/\/www.ifbaiano.edu.br\/unidades\/valenca\/?p=905"},"modified":"2011-10-26T12:07:09","modified_gmt":"2011-10-26T12:07:09","slug":"bienal-do-livro-da-bahia-2011","status":"publish","type":"post","link":"https:\/\/www.ifbaiano.edu.br\/unidades\/valenca\/2011\/10\/26\/bienal-do-livro-da-bahia-2011\/","title":{"rendered":"Bienal do Livro da Bahia 2011"},"content":{"rendered":"<p><strong>Categoria: Literatura<\/strong><\/p>\n<p><strong>Quando: 28\/10\/2011 \u2013 06\/11\/2011<\/strong><\/p>\n<p><strong>Onde: Centro de Conven\u00e7\u00f5es da Bahia, Av. Simon Bolivar s\/n\u00ba, Salvador\/Ba<\/strong><\/p>\n<p><strong>Faixa Et\u00e1ria: Todas <\/strong><\/p>\n<p><strong>Programa\u00e7\u00e3o do Evento: <a href=\"http:\/\/www.bienaldolivrodabahia.com.br\/\" target=\"_blank\">http:\/\/www.bienaldolivrodabahia.com.br<\/a><\/strong><\/p>\n<p>&nbsp;<\/p>\n<p><strong>Sobre o Evento<\/strong><\/p>\n<p align=\"JUSTIFY\">Em 2011 a Bienal do Livro da Bahia chega a sua 10\u00aa edi\u00e7\u00e3o e durante dez dias, transforma Salvador na capital da literatura e educa\u00e7\u00e3o. Os visitantes podem participar de uma s\u00e9rie de a\u00e7\u00f5es dentro de uma programa\u00e7\u00e3o variada. H\u00e1 atividades l\u00fadicas, bate-papos com personalidades do meio cultural e leitura e interpreta\u00e7\u00e3o de poesias. Um dos destaques \u00e9 a &#8220;Pra\u00e7a de Cordel e Poesia&#8221;, um espa\u00e7o destinado ao folclore brasileiro onde as duas formas &#8211; o cordel e a poesia \u2013 se unem.<\/p>\n<p align=\"JUSTIFY\">A Bienal do Livro da Bahia oferece a oportunidade de os participantes se aproximarem dos seus autores favoritos, al\u00e9m de poderem desfrutar de v\u00e1rias atividades culturais. Considerado o evento liter\u00e1rio mais importante do estado, a bienal valoriza e incentiva a cria\u00e7\u00e3o liter\u00e1ria e o h\u00e1bito da leitura.<\/p>\n<p align=\"JUSTIFY\"><a href=\"..\/files\/2011\/10\/bienal11.jpg\"><img decoding=\"async\" loading=\"lazy\" class=\"size-medium wp-image-908 aligncenter\" src=\"..\/files\/2011\/10\/bienal11-300x96.jpg\" alt=\"\" width=\"421\" height=\"134\" \/><\/a><\/p>\n","protected":false},"excerpt":{"rendered":"<p>Categoria: Literatura Quando: 28\/10\/2011 \u2013 06\/11\/2011 Onde: Centro de Conven\u00e7\u00f5es da Bahia, Av. Simon Bolivar s\/n\u00ba, Salvador\/Ba Faixa Et\u00e1ria: Todas Programa\u00e7\u00e3o do Evento: http:\/\/www.bienaldolivrodabahia.com.br &nbsp; Sobre o Evento Em 2011 a Bienal do Livro da Bahia chega a sua 10\u00aa edi\u00e7\u00e3o e durante dez dias, transforma Salvador na capital da literatura e educa\u00e7\u00e3o. Os visitantes [&hellip;]<\/p>\n","protected":false},"author":6,"featured_media":0,"comment_status":"open","ping_status":"open","sticky":false,"template":"","format":"standard","meta":[],"categories":[34],"tags":[],"_links":{"self":[{"href":"https:\/\/www.ifbaiano.edu.br\/unidades\/valenca\/wp-json\/wp\/v2\/posts\/905"}],"collection":[{"href":"https:\/\/www.ifbaiano.edu.br\/unidades\/valenca\/wp-json\/wp\/v2\/posts"}],"about":[{"href":"https:\/\/www.ifbaiano.edu.br\/unidades\/valenca\/wp-json\/wp\/v2\/types\/post"}],"author":[{"embeddable":true,"href":"https:\/\/www.ifbaiano.edu.br\/unidades\/valenca\/wp-json\/wp\/v2\/users\/6"}],"replies":[{"embeddable":true,"href":"https:\/\/www.ifbaiano.edu.br\/unidades\/valenca\/wp-json\/wp\/v2\/comments?post=905"}],"version-history":[{"count":4,"href":"https:\/\/www.ifbaiano.edu.br\/unidades\/valenca\/wp-json\/wp\/v2\/posts\/905\/revisions"}],"predecessor-version":[{"id":907,"href":"https:\/\/www.ifbaiano.edu.br\/unidades\/valenca\/wp-json\/wp\/v2\/posts\/905\/revisions\/907"}],"wp:attachment":[{"href":"https:\/\/www.ifbaiano.edu.br\/unidades\/valenca\/wp-json\/wp\/v2\/media?parent=905"}],"wp:term":[{"taxonomy":"category","embeddable":true,"href":"https:\/\/www.ifbaiano.edu.br\/unidades\/valenca\/wp-json\/wp\/v2\/categories?post=905"},{"taxonomy":"post_tag","embeddable":true,"href":"https:\/\/www.ifbaiano.edu.br\/unidades\/valenca\/wp-json\/wp\/v2\/tags?post=905"}],"curies":[{"name":"wp","href":"https:\/\/api.w.org\/{rel}","templated":true}]}}