{"id":912,"date":"2011-10-27T07:00:24","date_gmt":"2011-10-27T07:00:24","guid":{"rendered":"http:\/\/www.ifbaiano.edu.br\/unidades\/valenca\/?p=912"},"modified":"2011-10-26T12:37:42","modified_gmt":"2011-10-26T12:37:42","slug":"resultado-final-pro-extensao-edital-n-032011","status":"publish","type":"post","link":"https:\/\/www.ifbaiano.edu.br\/unidades\/valenca\/2011\/10\/27\/resultado-final-pro-extensao-edital-n-032011\/","title":{"rendered":"Resultado final Pr\u00f3-Extens\u00e3o Edital n\u00ba 03\/2011"},"content":{"rendered":"<p align=\"JUSTIFY\"><a href=\"http:\/\/www.ifbaiano.edu.br\/unidades\/valenca\/files\/2011\/10\/RESULTADO-FINAL-pro-extens%C3%A3o.pdf\">RESULTADO FINAL<\/a><\/p>\n<p align=\"JUSTIFY\">O objetivo do programa de Pr\u00f3-Extens\u00e3o \u00e9 de estimular, qualificar e divulgar o desenvolvimento de a\u00e7\u00f5es de extens\u00e3o no IF Baiano, havendo custeio parcial ou total para a execu\u00e7\u00e3o das atividades propostas que apresentem inter-rela\u00e7\u00e3o com o ensino e a pesquisa e atua\u00e7\u00e3o direta com a comunidade.<\/p>\n<p align=\"JUSTIFY\"><strong>O <em>Campus<\/em> Valen\u00e7a conseguiu aprovar dois projetos<\/strong>.<\/p>\n<p align=\"JUSTIFY\">No total foram contemplados 18 projetos distribu\u00eddos em todos os campi com propostas de financiamento de at\u00e9 R$ 5.000,00 , em despesas de custeio. Os projetos contemplam as seguintes \u00e1reas: Diversidade, Meio Ambiente, Educa\u00e7\u00e3o e Agroecologia.<\/p>\n","protected":false},"excerpt":{"rendered":"<p>RESULTADO FINAL O objetivo do programa de Pr\u00f3-Extens\u00e3o \u00e9 de estimular, qualificar e divulgar o desenvolvimento de a\u00e7\u00f5es de extens\u00e3o no IF Baiano, havendo custeio parcial ou total para a execu\u00e7\u00e3o das atividades propostas que apresentem inter-rela\u00e7\u00e3o com o ensino e a pesquisa e atua\u00e7\u00e3o direta com a comunidade. O Campus Valen\u00e7a conseguiu aprovar dois [&hellip;]<\/p>\n","protected":false},"author":6,"featured_media":0,"comment_status":"open","ping_status":"open","sticky":false,"template":"","format":"standard","meta":[],"categories":[5,26],"tags":[],"_links":{"self":[{"href":"https:\/\/www.ifbaiano.edu.br\/unidades\/valenca\/wp-json\/wp\/v2\/posts\/912"}],"collection":[{"href":"https:\/\/www.ifbaiano.edu.br\/unidades\/valenca\/wp-json\/wp\/v2\/posts"}],"about":[{"href":"https:\/\/www.ifbaiano.edu.br\/unidades\/valenca\/wp-json\/wp\/v2\/types\/post"}],"author":[{"embeddable":true,"href":"https:\/\/www.ifbaiano.edu.br\/unidades\/valenca\/wp-json\/wp\/v2\/users\/6"}],"replies":[{"embeddable":true,"href":"https:\/\/www.ifbaiano.edu.br\/unidades\/valenca\/wp-json\/wp\/v2\/comments?post=912"}],"version-history":[{"count":3,"href":"https:\/\/www.ifbaiano.edu.br\/unidades\/valenca\/wp-json\/wp\/v2\/posts\/912\/revisions"}],"predecessor-version":[{"id":915,"href":"https:\/\/www.ifbaiano.edu.br\/unidades\/valenca\/wp-json\/wp\/v2\/posts\/912\/revisions\/915"}],"wp:attachment":[{"href":"https:\/\/www.ifbaiano.edu.br\/unidades\/valenca\/wp-json\/wp\/v2\/media?parent=912"}],"wp:term":[{"taxonomy":"category","embeddable":true,"href":"https:\/\/www.ifbaiano.edu.br\/unidades\/valenca\/wp-json\/wp\/v2\/categories?post=912"},{"taxonomy":"post_tag","embeddable":true,"href":"https:\/\/www.ifbaiano.edu.br\/unidades\/valenca\/wp-json\/wp\/v2\/tags?post=912"}],"curies":[{"name":"wp","href":"https:\/\/api.w.org\/{rel}","templated":true}]}}