{"id":9154,"date":"2023-07-26T16:00:43","date_gmt":"2023-07-26T19:00:43","guid":{"rendered":"https:\/\/www.ifbaiano.edu.br\/unidades\/valenca\/?p=9154"},"modified":"2023-07-27T14:18:51","modified_gmt":"2023-07-27T17:18:51","slug":"if-baiano-lanca-processo-seletivo-simplificado-para-tecnicos-em-libras","status":"publish","type":"post","link":"https:\/\/www.ifbaiano.edu.br\/unidades\/valenca\/2023\/07\/26\/if-baiano-lanca-processo-seletivo-simplificado-para-tecnicos-em-libras\/","title":{"rendered":"IF Baiano lan\u00e7a processo seletivo simplificado para t\u00e9cnicos em Libras"},"content":{"rendered":"\n<p><em>Interessados podem se inscrever no per\u00edodo de 31 de julho a 18 de agosto<\/em><\/p>\n\n\n\n<p>O Instituto Federal Baiano lan\u00e7ou um Processo Seletivo Simplificado para a contrata\u00e7\u00e3o de Profissionais T\u00e9cnicos Especializados em L\u00edngua Brasileira de Sinais (Libras) de n\u00edvel superior. As inscri\u00e7\u00f5es come\u00e7am na pr\u00f3xima segunda-feira, 31, e v\u00e3o at\u00e9 18 de agosto.<\/p>\n\n\n\n<p>Para se inscrever, os candidatos dever\u00e3o preencher o formul\u00e1rio de inscri\u00e7\u00e3o dispon\u00edvel na <strong><a href=\"https:\/\/concurso.ifbaiano.edu.br\/portal\/temporarios-libras-catu-mangabeira-valenca-julho-2023\/\">p\u00e1gina do certame<\/a><\/strong>. S\u00e3o ofertadas tr\u00eas vagas, distribu\u00eddas entre os campi de Catu, Governador Mangabeira e Valen\u00e7a. Tamb\u00e9m haver\u00e1 a forma\u00e7\u00e3o de cadastro reserva.<\/p>\n\n\n\n<p>O intuito da contrata\u00e7\u00e3o \u00e9 garantir o acesso para estudantes com defici\u00eancia auditiva, por meio da tradu\u00e7\u00e3o\/interpreta\u00e7\u00e3o da Libras. O contrato ter\u00e1 dura\u00e7\u00e3o de um ano, com possibilidade de prorroga\u00e7\u00e3o, e a remunera\u00e7\u00e3o ser\u00e1 equiparada ao cargo N\u00edvel e do Plano de Carreira dos Cargos T\u00e9cnicos Administrativos em Educa\u00e7\u00e3o \u2013 PCCTAE.<\/p>\n\n\n\n<p>Todos os pr\u00e9-requisitos, atribui\u00e7\u00f5es do cargo, remunera\u00e7\u00e3o e&nbsp;regras da sele\u00e7\u00e3o est\u00e3o dispon\u00edveis no&nbsp;<strong><a href=\"https:\/\/www.ifbaiano.edu.br\/unidades\/valenca\/files\/2023\/07\/Edital-no-128-Contratacao-temporaria-de-tecnicos-especializados-em-libras.pdf\">edital<\/a><\/strong>.<\/p>\n\n\n\n<p><br><\/p>\n","protected":false},"excerpt":{"rendered":"<p>Interessados podem se inscrever no per\u00edodo de 31 de julho a 18 de agosto O Instituto Federal Baiano lan\u00e7ou um Processo Seletivo Simplificado para a contrata\u00e7\u00e3o de Profissionais T\u00e9cnicos Especializados em L\u00edngua Brasileira de Sinais (Libras) de n\u00edvel superior. As inscri\u00e7\u00f5es come\u00e7am na pr\u00f3xima segunda-feira, 31, e v\u00e3o at\u00e9 18 de agosto. Para se inscrever, [&hellip;]<\/p>\n","protected":false},"author":146,"featured_media":9185,"comment_status":"open","ping_status":"open","sticky":false,"template":"","format":"standard","meta":[],"categories":[5,30,32,63],"tags":[302,80],"_links":{"self":[{"href":"https:\/\/www.ifbaiano.edu.br\/unidades\/valenca\/wp-json\/wp\/v2\/posts\/9154"}],"collection":[{"href":"https:\/\/www.ifbaiano.edu.br\/unidades\/valenca\/wp-json\/wp\/v2\/posts"}],"about":[{"href":"https:\/\/www.ifbaiano.edu.br\/unidades\/valenca\/wp-json\/wp\/v2\/types\/post"}],"author":[{"embeddable":true,"href":"https:\/\/www.ifbaiano.edu.br\/unidades\/valenca\/wp-json\/wp\/v2\/users\/146"}],"replies":[{"embeddable":true,"href":"https:\/\/www.ifbaiano.edu.br\/unidades\/valenca\/wp-json\/wp\/v2\/comments?post=9154"}],"version-history":[{"count":4,"href":"https:\/\/www.ifbaiano.edu.br\/unidades\/valenca\/wp-json\/wp\/v2\/posts\/9154\/revisions"}],"predecessor-version":[{"id":9161,"href":"https:\/\/www.ifbaiano.edu.br\/unidades\/valenca\/wp-json\/wp\/v2\/posts\/9154\/revisions\/9161"}],"wp:featuredmedia":[{"embeddable":true,"href":"https:\/\/www.ifbaiano.edu.br\/unidades\/valenca\/wp-json\/wp\/v2\/media\/9185"}],"wp:attachment":[{"href":"https:\/\/www.ifbaiano.edu.br\/unidades\/valenca\/wp-json\/wp\/v2\/media?parent=9154"}],"wp:term":[{"taxonomy":"category","embeddable":true,"href":"https:\/\/www.ifbaiano.edu.br\/unidades\/valenca\/wp-json\/wp\/v2\/categories?post=9154"},{"taxonomy":"post_tag","embeddable":true,"href":"https:\/\/www.ifbaiano.edu.br\/unidades\/valenca\/wp-json\/wp\/v2\/tags?post=9154"}],"curies":[{"name":"wp","href":"https:\/\/api.w.org\/{rel}","templated":true}]}}