{"id":9192,"date":"2023-08-07T16:58:16","date_gmt":"2023-08-07T19:58:16","guid":{"rendered":"https:\/\/www.ifbaiano.edu.br\/unidades\/valenca\/?p=9192"},"modified":"2023-08-07T16:59:31","modified_gmt":"2023-08-07T19:59:31","slug":"if-baiano-abre-inscricoes-para-o-programa-de-apoio-a-qualificacao-de-servidores-2023-nesta-terca-feira-08","status":"publish","type":"post","link":"https:\/\/www.ifbaiano.edu.br\/unidades\/valenca\/2023\/08\/07\/if-baiano-abre-inscricoes-para-o-programa-de-apoio-a-qualificacao-de-servidores-2023-nesta-terca-feira-08\/","title":{"rendered":"IF Baiano abre inscri\u00e7\u00f5es para o Programa de Apoio \u00e0 Qualifica\u00e7\u00e3o de Servidores 2023 nesta ter\u00e7a-feira (08)"},"content":{"rendered":"\n<p>O Instituto Federal de Educa\u00e7\u00e3o, Ci\u00eancia e Tecnologia Baiano (IF Baiano) abre inscri\u00e7\u00f5es para&nbsp;o Programa de Apoio \u00e0 Qualifica\u00e7\u00e3o de Servidores 2023 (PAQ 2023) entre os dias 08 e 18 de agosto. O&nbsp;intuito do Programa \u00e9 incentivar a forma\u00e7\u00e3o e o desenvolvimento profissional dos colaboradores da institui\u00e7\u00e3o. &nbsp;<br>&nbsp;<br>O principal objetivo do PAQ 2023 \u00e9 fornecer apoio financeiro, por meio de ressarcimento, a servidores do IF Baiano que estejam matriculados em cursos de educa\u00e7\u00e3o formal. O programa visa elevar o n\u00edvel de escolaridade dos servidores t\u00e9cnico-administrativos em educa\u00e7\u00e3o e qualificar os professores para a doc\u00eancia, al\u00e9m de proporcionar oportunidades de desenvolvimento pessoal e profissional em todos os ambientes organizacionais.&nbsp;<\/p>\n\n\n\n<p><strong>Natureza do Apoio \u00e0 Qualifica\u00e7\u00e3o<\/strong>&nbsp;<\/p>\n\n\n\n<p>O programa oferece ressarcimento mensal para o custeio de mensalidades de cursos de educa\u00e7\u00e3o formal em todos os n\u00edveis de forma\u00e7\u00e3o, incluindo ensino fundamental, ensino m\u00e9dio\/t\u00e9cnico, licenciatura, gradua\u00e7\u00e3o e p\u00f3s-gradua\u00e7\u00e3o lato ou stricto sensu. No entanto, o ressarcimento n\u00e3o abrange outros gastos relacionados ao curso, como disciplinas extras, material did\u00e1tico, atividades extracurriculares, entre outros. O teto do apoio \u00e9 de R$ 700,00 para P\u00f3s-gradua\u00e7\u00e3o stricto sensu, R$ 330,00 para P\u00f3s-gradua\u00e7\u00e3o lato sensu, R$ 220,00&nbsp;para Gradua\u00e7\u00e3o, R$ 110,00 para Ensino m\u00e9dio\/t\u00e9cnico e R$ 88,00&nbsp;para Ensino fundamental.&nbsp;<\/p>\n\n\n\n<p><strong>Objetivos do Programa<\/strong>&nbsp;<\/p>\n\n\n\n<p>O PAQ 2023 busca contribuir para o desenvolvimento pessoal e profissional dos servidores, criar condi\u00e7\u00f5es para a implanta\u00e7\u00e3o do plano de desenvolvimento dos integrantes do PCCTAE e dos docentes, capacitar os servidores para atividades alinhadas \u00e0 fun\u00e7\u00e3o social da institui\u00e7\u00e3o, promover a qualifica\u00e7\u00e3o nos diversos n\u00edveis de ensino e potencializar a qualifica\u00e7\u00e3o como elemento motivacional para a progress\u00e3o na carreira.&nbsp;<\/p>\n\n\n\n<p><strong>Requisitos para Participa\u00e7\u00e3o<\/strong>&nbsp;<\/p>\n\n\n\n<p>Para participar do programa, os servidores devem cumprir os seguintes requisitos cumulativos:&nbsp;<\/p>\n\n\n\n<ul>\n<li>Ser servidor efetivo do quadro do IF Baiano, em exerc\u00edcio na Reitoria ou nos campi.&nbsp;<\/li>\n\n\n\n<li>Possuir escolaridade compat\u00edvel com o n\u00edvel de forma\u00e7\u00e3o do curso desejado.&nbsp;<\/li>\n\n\n\n<li>Estar matriculado como aluno regular ou ter adotado matr\u00edcula regular em cursos de educa\u00e7\u00e3o formal reconhecidos.&nbsp;<\/li>\n\n\n\n<li>N\u00e3o estar afastado integralmente das atividades no IF Baiano ou em outras condi\u00e7\u00f5es espec\u00edficas.&nbsp;<\/li>\n<\/ul>\n\n\n\n<p>O programa contar\u00e1 com recursos or\u00e7ament\u00e1rios no valor de R$ 120.000,00, que poder\u00e3o ser suplementados caso haja disponibilidade. O valor ser\u00e1 concedido na forma de ressarcimento, limitado a cada modalidade de curso, durante um per\u00edodo de 12 meses.&nbsp;<\/p>\n\n\n\n<p><strong>Inscri\u00e7\u00f5es&nbsp;<\/strong>&nbsp;<br>&nbsp;<br>As inscri\u00e7\u00f5es ser\u00e3o realizadas por meio de formul\u00e1rios disponibilizados no edital, e os candidatos dever\u00e3o criar um processo eletr\u00f4nico no SUAP e encaminhar ao setor respons\u00e1vel (RET-CPAQ). &nbsp;<\/p>\n\n\n\n<p>O programa priorizar\u00e1 servidores que participaram do PAQ 2022 e que desejem manter-se no programa. Al\u00e9m disso, os servidores j\u00e1 beneficiados no exerc\u00edcio anterior ter\u00e3o prioridade neste edital visando \u00e0 continuidade do curso e \u00e0 conclus\u00e3o da forma\u00e7\u00e3o.&nbsp;<\/p>\n\n\n\n<p>Para mais informa\u00e7\u00f5es sobre o programa, os interessados devem consultar o&nbsp;<a href=\"https:\/\/concurso.ifbaiano.edu.br\/portal\/qualificacao-servidores-2023\/wp-content\/uploads\/sites\/846\/2023\/08\/Edital-do-PAQ-2023.pdf\" target=\"_blank\" rel=\"noreferrer noopener\">edital<\/a>&nbsp;completo dispon\u00edvel no&nbsp;<a href=\"https:\/\/concurso.ifbaiano.edu.br\/portal\/qualificacao-servidores-2023\/\" target=\"_blank\" rel=\"noreferrer noopener\">site do IF Baiano<\/a>. Atrav\u00e9s dessa iniciativa, o instituto refor\u00e7a seu compromisso com a forma\u00e7\u00e3o integral e a valoriza\u00e7\u00e3o de seus servidores.&nbsp;<\/p>\n\n\n\n<hr class=\"wp-block-separator has-alpha-channel-opacity\" \/>\n\n\n\n<p>Mat\u00e9ria ASCOM dispon\u00edvel em: <em>https:\/\/ifbaiano.edu.br\/portal\/blog\/if-baiano-abre-inscricoes-para-o-programa-de-apoio-a-qualificacao-de-servidores-2023-nesta-terca-feira-08\/<\/em><\/p>\n","protected":false},"excerpt":{"rendered":"<p>O Instituto Federal de Educa\u00e7\u00e3o, Ci\u00eancia e Tecnologia Baiano (IF Baiano) abre inscri\u00e7\u00f5es para&nbsp;o Programa de Apoio \u00e0 Qualifica\u00e7\u00e3o de Servidores 2023 (PAQ 2023) entre os dias 08 e 18 de agosto. O&nbsp;intuito do Programa \u00e9 incentivar a forma\u00e7\u00e3o e o desenvolvimento profissional dos colaboradores da institui\u00e7\u00e3o. &nbsp;&nbsp;O principal objetivo do PAQ 2023 \u00e9 fornecer [&hellip;]<\/p>\n","protected":false},"author":146,"featured_media":9193,"comment_status":"open","ping_status":"open","sticky":false,"template":"","format":"standard","meta":[],"categories":[5,63],"tags":[304,227],"_links":{"self":[{"href":"https:\/\/www.ifbaiano.edu.br\/unidades\/valenca\/wp-json\/wp\/v2\/posts\/9192"}],"collection":[{"href":"https:\/\/www.ifbaiano.edu.br\/unidades\/valenca\/wp-json\/wp\/v2\/posts"}],"about":[{"href":"https:\/\/www.ifbaiano.edu.br\/unidades\/valenca\/wp-json\/wp\/v2\/types\/post"}],"author":[{"embeddable":true,"href":"https:\/\/www.ifbaiano.edu.br\/unidades\/valenca\/wp-json\/wp\/v2\/users\/146"}],"replies":[{"embeddable":true,"href":"https:\/\/www.ifbaiano.edu.br\/unidades\/valenca\/wp-json\/wp\/v2\/comments?post=9192"}],"version-history":[{"count":2,"href":"https:\/\/www.ifbaiano.edu.br\/unidades\/valenca\/wp-json\/wp\/v2\/posts\/9192\/revisions"}],"predecessor-version":[{"id":9196,"href":"https:\/\/www.ifbaiano.edu.br\/unidades\/valenca\/wp-json\/wp\/v2\/posts\/9192\/revisions\/9196"}],"wp:featuredmedia":[{"embeddable":true,"href":"https:\/\/www.ifbaiano.edu.br\/unidades\/valenca\/wp-json\/wp\/v2\/media\/9193"}],"wp:attachment":[{"href":"https:\/\/www.ifbaiano.edu.br\/unidades\/valenca\/wp-json\/wp\/v2\/media?parent=9192"}],"wp:term":[{"taxonomy":"category","embeddable":true,"href":"https:\/\/www.ifbaiano.edu.br\/unidades\/valenca\/wp-json\/wp\/v2\/categories?post=9192"},{"taxonomy":"post_tag","embeddable":true,"href":"https:\/\/www.ifbaiano.edu.br\/unidades\/valenca\/wp-json\/wp\/v2\/tags?post=9192"}],"curies":[{"name":"wp","href":"https:\/\/api.w.org\/{rel}","templated":true}]}}