{"id":9197,"date":"2023-08-09T08:32:03","date_gmt":"2023-08-09T11:32:03","guid":{"rendered":"https:\/\/www.ifbaiano.edu.br\/unidades\/valenca\/?p=9197"},"modified":"2023-08-09T08:32:03","modified_gmt":"2023-08-09T11:32:03","slug":"jeif-selecionara-delegacao-para-competir-no-jif-nordeste","status":"publish","type":"post","link":"https:\/\/www.ifbaiano.edu.br\/unidades\/valenca\/2023\/08\/09\/jeif-selecionara-delegacao-para-competir-no-jif-nordeste\/","title":{"rendered":"JEIF selecionar\u00e1 delega\u00e7\u00e3o para competir no JIF Nordeste"},"content":{"rendered":"\n<p>Os Jogos Estudantis do IF Baiano \u2013 JEIF est\u00e3o chegando: de 22 a 28 de agosto em Guanambi. A&nbsp;novidade este ano \u00e9 que os vencedores de algumas categorias do JEIF ser\u00e3o habilitados para representar o IF Baiano na etapa regional dos Jogos das Institui\u00e7\u00f5es Federais \u2013 JIF e, a depender do desempenho, podem competir&nbsp;na etapa nacional do JIF.&nbsp;<\/p>\n\n\n\n<p>O IF Baiano pretende enviar delega\u00e7\u00e3o com 70 estudantes para o JIF Nordeste que acontecer\u00e1 de 25 de setembro a 01 de outubro no Rio Grande do Norte. A etapa nacional ocorrer\u00e1 em Fortaleza de 23 a 27 de outubro.&nbsp;<\/p>\n\n\n\n<p>Os competidores que passar\u00e3o para a etapa regional ser\u00e3o definidos de acordo com o resultado dos jogos internos. Ser\u00e3o selecionados atletas do sexo feminino e masculino, premiados com ouro e outros escolhidos pela equipe t\u00e9cnica. A delega\u00e7\u00e3o tamb\u00e9m contar\u00e1 com atletas PCD, Pessoa com Defici\u00eancia.&nbsp;<\/p>\n\n\n\n<p>Para o representante do N\u00facleo de Apoio ao Esporte e Lazer \u2013 NAEL, Nilton Santos, \u00e9 preciso fortalecer a cultura esportiva na institui\u00e7\u00e3o, para assim, fortalecer o esporte no interior da Bahia e \u00e9 isso que tem acontecido nos \u00faltimos anos. Para ele, os munic\u00edpios interioranos que sediam os campi t\u00eam pouco investimento em esporte e os jovens ingressam no Instituto sem ter tido uma base esportiva na inf\u00e2ncia. &nbsp;<\/p>\n\n\n\n<p>Nilton v\u00ea o fortalecimento do esporte na institui\u00e7\u00e3o como fator de perman\u00eancia e \u00eaxito nos estudos. Levar os estudantes a competirem entre os campi e depois entre Institutos de diferentes estados, de acordo com Nilton, faz com que o estudante se sinta motivado a dedicar-se ao esporte e revela ao aluno a dimens\u00e3o e a unidade dos Institutos Federais. &nbsp;<\/p>\n\n\n\n<p>\u201cO objetivo desses Jogos \u00e9 proporcionar aos estudantes uma integra\u00e7\u00e3o e tamb\u00e9m uma valoriza\u00e7\u00e3o daquelas habilidades t\u00e9cnicas que cada um tem em determinada modalidade, visando at\u00e9, quem sabe\u2026 futuramente, que eles possam se tornar atletas de alto n\u00edvel, mas o que a gente percebe \u00e9 que a integra\u00e7\u00e3o \u00e9 muito grande\u201d, explica Nilton.\u00a0<\/p>\n\n\n\n<hr class=\"wp-block-separator has-alpha-channel-opacity\" \/>\n\n\n\n<p>Mat\u00e9ria ASCOM dispon\u00edvel em: <em>https:\/\/ifbaiano.edu.br\/portal\/blog\/jeif-selecionara-delegacao-para-competir-no-jif-nordeste\/<\/em><\/p>\n","protected":false},"excerpt":{"rendered":"<p>Os Jogos Estudantis do IF Baiano \u2013 JEIF est\u00e3o chegando: de 22 a 28 de agosto em Guanambi. A&nbsp;novidade este ano \u00e9 que os vencedores de algumas categorias do JEIF ser\u00e3o habilitados para representar o IF Baiano na etapa regional dos Jogos das Institui\u00e7\u00f5es Federais \u2013 JIF e, a depender do desempenho, podem competir&nbsp;na etapa [&hellip;]<\/p>\n","protected":false},"author":146,"featured_media":9198,"comment_status":"open","ping_status":"open","sticky":false,"template":"","format":"standard","meta":[],"categories":[5,63],"tags":[278,279],"_links":{"self":[{"href":"https:\/\/www.ifbaiano.edu.br\/unidades\/valenca\/wp-json\/wp\/v2\/posts\/9197"}],"collection":[{"href":"https:\/\/www.ifbaiano.edu.br\/unidades\/valenca\/wp-json\/wp\/v2\/posts"}],"about":[{"href":"https:\/\/www.ifbaiano.edu.br\/unidades\/valenca\/wp-json\/wp\/v2\/types\/post"}],"author":[{"embeddable":true,"href":"https:\/\/www.ifbaiano.edu.br\/unidades\/valenca\/wp-json\/wp\/v2\/users\/146"}],"replies":[{"embeddable":true,"href":"https:\/\/www.ifbaiano.edu.br\/unidades\/valenca\/wp-json\/wp\/v2\/comments?post=9197"}],"version-history":[{"count":1,"href":"https:\/\/www.ifbaiano.edu.br\/unidades\/valenca\/wp-json\/wp\/v2\/posts\/9197\/revisions"}],"predecessor-version":[{"id":9199,"href":"https:\/\/www.ifbaiano.edu.br\/unidades\/valenca\/wp-json\/wp\/v2\/posts\/9197\/revisions\/9199"}],"wp:featuredmedia":[{"embeddable":true,"href":"https:\/\/www.ifbaiano.edu.br\/unidades\/valenca\/wp-json\/wp\/v2\/media\/9198"}],"wp:attachment":[{"href":"https:\/\/www.ifbaiano.edu.br\/unidades\/valenca\/wp-json\/wp\/v2\/media?parent=9197"}],"wp:term":[{"taxonomy":"category","embeddable":true,"href":"https:\/\/www.ifbaiano.edu.br\/unidades\/valenca\/wp-json\/wp\/v2\/categories?post=9197"},{"taxonomy":"post_tag","embeddable":true,"href":"https:\/\/www.ifbaiano.edu.br\/unidades\/valenca\/wp-json\/wp\/v2\/tags?post=9197"}],"curies":[{"name":"wp","href":"https:\/\/api.w.org\/{rel}","templated":true}]}}